{"id":5238,"date":"2020-03-11T11:47:59","date_gmt":"2020-03-11T09:47:59","guid":{"rendered":"https:\/\/www.tolosaldeaikt.eus\/infantil-mailako-espainiako-txapelketa-bertan-behera\/"},"modified":"2020-06-15T15:26:32","modified_gmt":"2020-06-15T13:26:32","slug":"infantil-mailako-espainiako-txapelketa-bertan-behera","status":"publish","type":"post","link":"https:\/\/www.tolosaldeaikt.eus\/es\/infantil-mailako-espainiako-txapelketa-bertan-behera\/","title":{"rendered":"SUSPENDIDO EL CTO. DE ESPA\u00d1A INFANTIL DE INVIERNO"},"content":{"rendered":"<h1 class=\"h3 text-normal padd-all\">\u00daLTIMA HORA CORONAVIRUS: Medidas RFEN en relaci\u00f3n a las competiciones estatales<\/h1>\n<div class=\"padd-all\">\n<p>En relaci\u00f3n al Covid-19 (Coronavirus) y tras la nota informativa previa del Consejo Superior de Deportes a las federaciones deportivas espa\u00f1olas publicada en esta web,\u00a0<strong>la Real Federaci\u00f3n Espa\u00f1ola de Nataci\u00f3n (RFEN) informa<\/strong>\u00a0que adopta desde este momento las siguientes medidas en relaci\u00f3n a las inminentes competiciones estatales:<\/p>\n<p>&#8211;<strong>Suspensi\u00f3n del XL Campeonato de Espa\u00f1a Infantil de Invierno<\/strong>\u00a0<strong>de Nataci\u00f3n<\/strong>\u00a0que se iba a celebrar en la Piscina Parque del Oeste de Oviedo (Principado de Asturias) del 12 al 15 de marzo.<\/p>\n<p>-Los\u00a0<strong>encuentros de todas las Ligas Nacionales RFEN de Waterpolo se disputar\u00e1n desde este momento a puerta cerrada<\/strong>\u00a0y con el personal oficial m\u00ednimo imprescindible para el correcto desarrollo del evento.<\/p>\n<p>Seguiremos informando progresivamente en funci\u00f3n del calendario de eventos. Sentimos las incidencias provocadas por causa de fuerza mayor, aunque se adoptan y adoptar\u00e1n en beneficio del inter\u00e9s general.<\/p>\n<p><em>En RFEN, a 10 de marzo de 2020 (14:50h)<\/em><\/p>\n<\/div>\n","protected":false},"excerpt":{"rendered":"<p>\u00daLTIMA HORA CORONAVIRUS: Medidas RFEN en relaci\u00f3n a las competiciones estatales En relaci\u00f3n al Covid-19 (Coronavirus) y tras la nota informativa previa del Consejo Superior de<span class=\"excerpt-hellip\"> [\u2026]<\/span><\/p>\n","protected":false},"author":2,"featured_media":4628,"comment_status":"closed","ping_status":"closed","sticky":false,"template":"","format":"standard","meta":{"_exactmetrics_skip_tracking":false,"_exactmetrics_sitenote_active":false,"_exactmetrics_sitenote_note":"","_exactmetrics_sitenote_category":0,"footnotes":""},"categories":[32],"tags":[],"yoast_head":"<!-- This site is optimized with the Yoast SEO plugin v22.5 - https:\/\/yoast.com\/wordpress\/plugins\/seo\/ -->\n<title>SUSPENDIDO EL CTO. DE ESPA\u00d1A INFANTIL DE INVIERNO - Tolosaldea IKT - Igeriketa Kirol Taldea<\/title>\n<meta name=\"robots\" content=\"index, follow, max-snippet:-1, max-image-preview:large, max-video-preview:-1\" \/>\n<link rel=\"canonical\" href=\"https:\/\/www.tolosaldeaikt.eus\/es\/infantil-mailako-espainiako-txapelketa-bertan-behera\/\" \/>\n<meta property=\"og:locale\" content=\"es_ES\" \/>\n<meta property=\"og:type\" content=\"article\" \/>\n<meta property=\"og:title\" content=\"SUSPENDIDO EL CTO. DE ESPA\u00d1A INFANTIL DE INVIERNO - Tolosaldea IKT - Igeriketa Kirol Taldea\" \/>\n<meta property=\"og:description\" content=\"\u00daLTIMA HORA CORONAVIRUS: Medidas RFEN en relaci\u00f3n a las competiciones estatales En relaci\u00f3n al Covid-19 (Coronavirus) y tras la nota informativa previa del Consejo Superior de [\u2026]\" \/>\n<meta property=\"og:url\" content=\"https:\/\/www.tolosaldeaikt.eus\/es\/infantil-mailako-espainiako-txapelketa-bertan-behera\/\" \/>\n<meta property=\"og:site_name\" content=\"Tolosaldea IKT - Igeriketa Kirol Taldea\" \/>\n<meta property=\"article:publisher\" content=\"https:\/\/www.facebook.com\/tolosaldea.ikt\" \/>\n<meta property=\"article:published_time\" content=\"2020-03-11T09:47:59+00:00\" \/>\n<meta property=\"article:modified_time\" content=\"2020-06-15T13:26:32+00:00\" \/>\n<meta property=\"og:image\" content=\"https:\/\/www.tolosaldeaikt.eus\/wp-content\/uploads\/2019\/03\/unnamed.png\" \/>\n\t<meta property=\"og:image:width\" content=\"649\" \/>\n\t<meta property=\"og:image:height\" content=\"265\" \/>\n\t<meta property=\"og:image:type\" content=\"image\/png\" \/>\n<meta name=\"author\" content=\"Nerea Pagola\" \/>\n<meta name=\"twitter:card\" content=\"summary_large_image\" \/>\n<meta name=\"twitter:creator\" content=\"@Tolosaldeaikt\" \/>\n<meta name=\"twitter:site\" content=\"@Tolosaldeaikt\" \/>\n<meta name=\"twitter:label1\" content=\"Escrito por\" \/>\n\t<meta name=\"twitter:data1\" content=\"Nerea Pagola\" \/>\n\t<meta name=\"twitter:label2\" content=\"Tiempo de lectura\" \/>\n\t<meta name=\"twitter:data2\" content=\"1 minuto\" \/>\n<!-- \/ Yoast SEO plugin. -->","yoast_head_json":{"title":"SUSPENDIDO EL CTO. DE ESPA\u00d1A INFANTIL DE INVIERNO - Tolosaldea IKT - Igeriketa Kirol Taldea","robots":{"index":"index","follow":"follow","max-snippet":"max-snippet:-1","max-image-preview":"max-image-preview:large","max-video-preview":"max-video-preview:-1"},"canonical":"https:\/\/www.tolosaldeaikt.eus\/es\/infantil-mailako-espainiako-txapelketa-bertan-behera\/","og_locale":"es_ES","og_type":"article","og_title":"SUSPENDIDO EL CTO. DE ESPA\u00d1A INFANTIL DE INVIERNO - Tolosaldea IKT - Igeriketa Kirol Taldea","og_description":"\u00daLTIMA HORA CORONAVIRUS: Medidas RFEN en relaci\u00f3n a las competiciones estatales En relaci\u00f3n al Covid-19 (Coronavirus) y tras la nota informativa previa del Consejo Superior de [\u2026]","og_url":"https:\/\/www.tolosaldeaikt.eus\/es\/infantil-mailako-espainiako-txapelketa-bertan-behera\/","og_site_name":"Tolosaldea IKT - Igeriketa Kirol Taldea","article_publisher":"https:\/\/www.facebook.com\/tolosaldea.ikt","article_published_time":"2020-03-11T09:47:59+00:00","article_modified_time":"2020-06-15T13:26:32+00:00","og_image":[{"width":649,"height":265,"url":"https:\/\/www.tolosaldeaikt.eus\/wp-content\/uploads\/2019\/03\/unnamed.png","type":"image\/png"}],"author":"Nerea Pagola","twitter_card":"summary_large_image","twitter_creator":"@Tolosaldeaikt","twitter_site":"@Tolosaldeaikt","twitter_misc":{"Escrito por":"Nerea Pagola","Tiempo de lectura":"1 minuto"},"schema":{"@context":"https:\/\/schema.org","@graph":[{"@type":"Article","@id":"https:\/\/www.tolosaldeaikt.eus\/es\/infantil-mailako-espainiako-txapelketa-bertan-behera\/#article","isPartOf":{"@id":"https:\/\/www.tolosaldeaikt.eus\/es\/infantil-mailako-espainiako-txapelketa-bertan-behera\/"},"author":{"name":"Nerea Pagola","@id":"https:\/\/www.tolosaldeaikt.eus\/es\/#\/schema\/person\/903db2dffa70fa5ae2f6e7675dd146b0"},"headline":"SUSPENDIDO EL CTO. DE ESPA\u00d1A INFANTIL DE INVIERNO","datePublished":"2020-03-11T09:47:59+00:00","dateModified":"2020-06-15T13:26:32+00:00","mainEntityOfPage":{"@id":"https:\/\/www.tolosaldeaikt.eus\/es\/infantil-mailako-espainiako-txapelketa-bertan-behera\/"},"wordCount":180,"publisher":{"@id":"https:\/\/www.tolosaldeaikt.eus\/es\/#organization"},"image":{"@id":"https:\/\/www.tolosaldeaikt.eus\/es\/infantil-mailako-espainiako-txapelketa-bertan-behera\/#primaryimage"},"thumbnailUrl":"https:\/\/www.tolosaldeaikt.eus\/wp-content\/uploads\/2019\/03\/unnamed.png","articleSection":["Club de nataci\u00f3n"],"inLanguage":"es"},{"@type":"WebPage","@id":"https:\/\/www.tolosaldeaikt.eus\/es\/infantil-mailako-espainiako-txapelketa-bertan-behera\/","url":"https:\/\/www.tolosaldeaikt.eus\/es\/infantil-mailako-espainiako-txapelketa-bertan-behera\/","name":"SUSPENDIDO EL CTO. DE ESPA\u00d1A INFANTIL DE INVIERNO - Tolosaldea IKT - Igeriketa Kirol Taldea","isPartOf":{"@id":"https:\/\/www.tolosaldeaikt.eus\/es\/#website"},"primaryImageOfPage":{"@id":"https:\/\/www.tolosaldeaikt.eus\/es\/infantil-mailako-espainiako-txapelketa-bertan-behera\/#primaryimage"},"image":{"@id":"https:\/\/www.tolosaldeaikt.eus\/es\/infantil-mailako-espainiako-txapelketa-bertan-behera\/#primaryimage"},"thumbnailUrl":"https:\/\/www.tolosaldeaikt.eus\/wp-content\/uploads\/2019\/03\/unnamed.png","datePublished":"2020-03-11T09:47:59+00:00","dateModified":"2020-06-15T13:26:32+00:00","breadcrumb":{"@id":"https:\/\/www.tolosaldeaikt.eus\/es\/infantil-mailako-espainiako-txapelketa-bertan-behera\/#breadcrumb"},"inLanguage":"es","potentialAction":[{"@type":"ReadAction","target":["https:\/\/www.tolosaldeaikt.eus\/es\/infantil-mailako-espainiako-txapelketa-bertan-behera\/"]}]},{"@type":"ImageObject","inLanguage":"es","@id":"https:\/\/www.tolosaldeaikt.eus\/es\/infantil-mailako-espainiako-txapelketa-bertan-behera\/#primaryimage","url":"https:\/\/www.tolosaldeaikt.eus\/wp-content\/uploads\/2019\/03\/unnamed.png","contentUrl":"https:\/\/www.tolosaldeaikt.eus\/wp-content\/uploads\/2019\/03\/unnamed.png","width":649,"height":265},{"@type":"BreadcrumbList","@id":"https:\/\/www.tolosaldeaikt.eus\/es\/infantil-mailako-espainiako-txapelketa-bertan-behera\/#breadcrumb","itemListElement":[{"@type":"ListItem","position":1,"name":"Home","item":"https:\/\/www.tolosaldeaikt.eus\/es\/"},{"@type":"ListItem","position":2,"name":"SUSPENDIDO EL CTO. DE ESPA\u00d1A INFANTIL DE INVIERNO"}]},{"@type":"WebSite","@id":"https:\/\/www.tolosaldeaikt.eus\/es\/#website","url":"https:\/\/www.tolosaldeaikt.eus\/es\/","name":"Tolosaldea IKT - Igeriketa Kirol Taldea","description":"Web de Tolosaldea Igeriketa Kirol Taldea. Informaci\u00f3n, noticias, competiciones, resultados, m\u00ednimas, series, y mucho en un click","publisher":{"@id":"https:\/\/www.tolosaldeaikt.eus\/es\/#organization"},"potentialAction":[{"@type":"SearchAction","target":{"@type":"EntryPoint","urlTemplate":"https:\/\/www.tolosaldeaikt.eus\/es\/?s={search_term_string}"},"query-input":"required name=search_term_string"}],"inLanguage":"es"},{"@type":"Organization","@id":"https:\/\/www.tolosaldeaikt.eus\/es\/#organization","name":"Tolosaldea IKT - Igeriketa Kirol Taldea","url":"https:\/\/www.tolosaldeaikt.eus\/es\/","logo":{"@type":"ImageObject","inLanguage":"es","@id":"https:\/\/www.tolosaldeaikt.eus\/es\/#\/schema\/logo\/image\/","url":"https:\/\/www.tolosaldeaikt.eus\/wp-content\/uploads\/2018\/12\/aurkezpena.jpg","contentUrl":"https:\/\/www.tolosaldeaikt.eus\/wp-content\/uploads\/2018\/12\/aurkezpena.jpg","width":1400,"height":800,"caption":"Tolosaldea IKT - Igeriketa Kirol Taldea"},"image":{"@id":"https:\/\/www.tolosaldeaikt.eus\/es\/#\/schema\/logo\/image\/"},"sameAs":["https:\/\/www.facebook.com\/tolosaldea.ikt","https:\/\/x.com\/Tolosaldeaikt"]},{"@type":"Person","@id":"https:\/\/www.tolosaldeaikt.eus\/es\/#\/schema\/person\/903db2dffa70fa5ae2f6e7675dd146b0","name":"Nerea Pagola","image":{"@type":"ImageObject","inLanguage":"es","@id":"https:\/\/www.tolosaldeaikt.eus\/es\/#\/schema\/person\/image\/","url":"https:\/\/secure.gravatar.com\/avatar\/0614cb8e226823a51327bf0e4c8a92b3","contentUrl":"https:\/\/secure.gravatar.com\/avatar\/0614cb8e226823a51327bf0e4c8a92b3","caption":"Nerea Pagola"}}]}},"_links":{"self":[{"href":"https:\/\/www.tolosaldeaikt.eus\/es\/wp-json\/wp\/v2\/posts\/5238"}],"collection":[{"href":"https:\/\/www.tolosaldeaikt.eus\/es\/wp-json\/wp\/v2\/posts"}],"about":[{"href":"https:\/\/www.tolosaldeaikt.eus\/es\/wp-json\/wp\/v2\/types\/post"}],"author":[{"embeddable":true,"href":"https:\/\/www.tolosaldeaikt.eus\/es\/wp-json\/wp\/v2\/users\/2"}],"replies":[{"embeddable":true,"href":"https:\/\/www.tolosaldeaikt.eus\/es\/wp-json\/wp\/v2\/comments?post=5238"}],"version-history":[{"count":2,"href":"https:\/\/www.tolosaldeaikt.eus\/es\/wp-json\/wp\/v2\/posts\/5238\/revisions"}],"predecessor-version":[{"id":5276,"href":"https:\/\/www.tolosaldeaikt.eus\/es\/wp-json\/wp\/v2\/posts\/5238\/revisions\/5276"}],"wp:featuredmedia":[{"embeddable":true,"href":"https:\/\/www.tolosaldeaikt.eus\/es\/wp-json\/wp\/v2\/media\/4628"}],"wp:attachment":[{"href":"https:\/\/www.tolosaldeaikt.eus\/es\/wp-json\/wp\/v2\/media?parent=5238"}],"wp:term":[{"taxonomy":"category","embeddable":true,"href":"https:\/\/www.tolosaldeaikt.eus\/es\/wp-json\/wp\/v2\/categories?post=5238"},{"taxonomy":"post_tag","embeddable":true,"href":"https:\/\/www.tolosaldeaikt.eus\/es\/wp-json\/wp\/v2\/tags?post=5238"}],"curies":[{"name":"wp","href":"https:\/\/api.w.org\/{rel}","templated":true}]}}