{"id":5191,"date":"2020-01-20T12:18:25","date_gmt":"2020-01-20T10:18:25","guid":{"rendered":"https:\/\/www.tolosaldeaikt.eus\/benjamin-eta-alebinen-erakustaldi-ederra\/"},"modified":"2020-01-20T12:31:13","modified_gmt":"2020-01-20T10:31:13","slug":"benjamin-eta-alebinen-erakustaldi-ederra","status":"publish","type":"post","link":"https:\/\/www.tolosaldeaikt.eus\/es\/benjamin-eta-alebinen-erakustaldi-ederra\/","title":{"rendered":"MAGNIFICO FESTIVAL BENAJMIN Y ALEVIN"},"content":{"rendered":"<p>El s\u00e1bado a la tarde se celebr\u00f3 en Usabal la segunda jornada de liga benjam\u00edn y la cuarta de liga alev\u00edn en las cuales participaron los m\u00e1s j\u00f3venes de la escuela.<\/p>\n<p>Los benjamines m\u00e1s j\u00f3venes nadaron a espalda como prueba principal y los relevos grupales en el estilo libre. Los mayores en cambio nadaron tambi\u00e9n el 50 braza demostrando que van ampliando su repertorio. Los alevines adem\u00e1s de nadar a espalda nadaron los 4 estilos, una prueba siempre muy exigente.<\/p>\n<p>El ambiente en la piscina fue tranquilo, l@s nadador@s se encontraban tranquilos y esto se reflejo a la hora de competir. Tod@s se presentaron con sus pruebas muy trabajadas y pudimos ver sobre todo unas carreras muy bonitas de espalda.<\/p>\n<p>En cuanto a los alevines pudimos ver que poco a poco van mejorando a braza y mariposa y tambi\u00e9n que su ritmo de nado ya tiene otra velocidad que no tienen los benjamines. En categor\u00eda alev\u00edn tambi\u00e9n vimos muy buenas carreras.<\/p>\n<p>Es ilusionante ver como seg\u00fan avanza la temporada los nadadores tambi\u00e9n dan pasos adelante y por ello volvimos a casa muy contentos.<\/p>\n<p>Una vez m\u00e1s, dar gracias a todos los padres que se animan a ayudar en la organizaci\u00f3n de estas jornadas!<\/p>\n<p>&nbsp;<\/p>\n\n\t\t\t<style type='text\/css'>\n\t\t\t\t#gallery-1 {\n\t\t\t\t\tmargin: auto;\n\t\t\t\t}\n\t\t\t\t#gallery-1 .gallery-item {\n\t\t\t\t\tfloat: left;\n\t\t\t\t\tmargin-top: 10px;\n\t\t\t\t\ttext-align: center;\n\t\t\t\t\twidth: 24.99%;\n\t\t\t\t}\n\t\t\t\t#gallery-1 img {\n\t\t\t\t\tborder: 2px solid #cfcfcf;\n\t\t\t\t}\n\t\t\t\t#gallery-1 .gallery-caption {\n\t\t\t\t\tmargin-left: 0;\n\t\t\t\t}\n\t\t\t\t\/* see gallery_shortcode() in wp-includes\/media.php *\/\n\t\t\t<\/style>\n\t\t<div id='gallery-1' class='gallery galleryid-5191 gallery-columns-4 gallery-size-thumbnail '><dl class='gallery-item'>\n\t\t\t\t<dt class='gallery-icon landscape'>\n\t\t\t\t\t<a data-rel=\"prettyPhoto[sliders]\" href='https:\/\/www.tolosaldeaikt.eus\/es\/img-20200120-wa0000-2\/'><img loading=\"lazy\" decoding=\"async\" width=\"150\" height=\"150\" src=\"https:\/\/www.tolosaldeaikt.eus\/wp-content\/uploads\/2020\/01\/IMG-20200120-WA0000-150x150.jpg\" class=\"attachment-thumbnail size-thumbnail\" alt=\"\" srcset=\"https:\/\/www.tolosaldeaikt.eus\/wp-content\/uploads\/2020\/01\/IMG-20200120-WA0000-150x150.jpg 150w, https:\/\/www.tolosaldeaikt.eus\/wp-content\/uploads\/2020\/01\/IMG-20200120-WA0000-85x85.jpg 85w, https:\/\/www.tolosaldeaikt.eus\/wp-content\/uploads\/2020\/01\/IMG-20200120-WA0000-80x80.jpg 80w\" sizes=\"(max-width: 150px) 100vw, 150px\" \/><\/a>\n\t\t\t\t<\/dt><\/dl><dl class='gallery-item'>\n\t\t\t\t<dt class='gallery-icon landscape'>\n\t\t\t\t\t<a data-rel=\"prettyPhoto[sliders]\" href='https:\/\/www.tolosaldeaikt.eus\/es\/img-20200120-wa0001-2\/'><img loading=\"lazy\" decoding=\"async\" width=\"150\" height=\"150\" src=\"https:\/\/www.tolosaldeaikt.eus\/wp-content\/uploads\/2020\/01\/IMG-20200120-WA0001-150x150.jpg\" class=\"attachment-thumbnail size-thumbnail\" alt=\"\" srcset=\"https:\/\/www.tolosaldeaikt.eus\/wp-content\/uploads\/2020\/01\/IMG-20200120-WA0001-150x150.jpg 150w, https:\/\/www.tolosaldeaikt.eus\/wp-content\/uploads\/2020\/01\/IMG-20200120-WA0001-85x85.jpg 85w, https:\/\/www.tolosaldeaikt.eus\/wp-content\/uploads\/2020\/01\/IMG-20200120-WA0001-80x80.jpg 80w\" sizes=\"(max-width: 150px) 100vw, 150px\" \/><\/a>\n\t\t\t\t<\/dt><\/dl><dl class='gallery-item'>\n\t\t\t\t<dt class='gallery-icon landscape'>\n\t\t\t\t\t<a data-rel=\"prettyPhoto[sliders]\" href='https:\/\/www.tolosaldeaikt.eus\/es\/img-20200120-wa0003-2\/'><img loading=\"lazy\" decoding=\"async\" width=\"150\" height=\"150\" src=\"https:\/\/www.tolosaldeaikt.eus\/wp-content\/uploads\/2020\/01\/IMG-20200120-WA0003-150x150.jpg\" class=\"attachment-thumbnail size-thumbnail\" alt=\"\" srcset=\"https:\/\/www.tolosaldeaikt.eus\/wp-content\/uploads\/2020\/01\/IMG-20200120-WA0003-150x150.jpg 150w, https:\/\/www.tolosaldeaikt.eus\/wp-content\/uploads\/2020\/01\/IMG-20200120-WA0003-85x85.jpg 85w, https:\/\/www.tolosaldeaikt.eus\/wp-content\/uploads\/2020\/01\/IMG-20200120-WA0003-80x80.jpg 80w\" sizes=\"(max-width: 150px) 100vw, 150px\" \/><\/a>\n\t\t\t\t<\/dt><\/dl><dl class='gallery-item'>\n\t\t\t\t<dt class='gallery-icon landscape'>\n\t\t\t\t\t<a data-rel=\"prettyPhoto[sliders]\" href='https:\/\/www.tolosaldeaikt.eus\/es\/img-20200120-wa0002-2\/'><img loading=\"lazy\" decoding=\"async\" width=\"150\" height=\"150\" src=\"https:\/\/www.tolosaldeaikt.eus\/wp-content\/uploads\/2020\/01\/IMG-20200120-WA0002-150x150.jpg\" class=\"attachment-thumbnail size-thumbnail\" alt=\"\" srcset=\"https:\/\/www.tolosaldeaikt.eus\/wp-content\/uploads\/2020\/01\/IMG-20200120-WA0002-150x150.jpg 150w, https:\/\/www.tolosaldeaikt.eus\/wp-content\/uploads\/2020\/01\/IMG-20200120-WA0002-85x85.jpg 85w, https:\/\/www.tolosaldeaikt.eus\/wp-content\/uploads\/2020\/01\/IMG-20200120-WA0002-80x80.jpg 80w\" sizes=\"(max-width: 150px) 100vw, 150px\" \/><\/a>\n\t\t\t\t<\/dt><\/dl><br style=\"clear: both\" \/>\n\t\t\t<\/div>\n\n<p>&nbsp;<\/p>\n","protected":false},"excerpt":{"rendered":"<p>El s\u00e1bado a la tarde se celebr\u00f3 en Usabal la segunda jornada de liga benjam\u00edn y la cuarta de liga alev\u00edn en las cuales participaron los<span class=\"excerpt-hellip\"> [\u2026]<\/span><\/p>\n","protected":false},"author":2,"featured_media":5183,"comment_status":"closed","ping_status":"closed","sticky":false,"template":"","format":"standard","meta":{"_exactmetrics_skip_tracking":false,"_exactmetrics_sitenote_active":false,"_exactmetrics_sitenote_note":"","_exactmetrics_sitenote_category":0,"footnotes":""},"categories":[31],"tags":[],"yoast_head":"<!-- This site is optimized with the Yoast SEO plugin v22.5 - https:\/\/yoast.com\/wordpress\/plugins\/seo\/ -->\n<title>MAGNIFICO FESTIVAL BENAJMIN Y ALEVIN - Tolosaldea IKT - Igeriketa Kirol Taldea<\/title>\n<meta name=\"robots\" content=\"index, follow, max-snippet:-1, max-image-preview:large, max-video-preview:-1\" \/>\n<link rel=\"canonical\" href=\"https:\/\/www.tolosaldeaikt.eus\/es\/benjamin-eta-alebinen-erakustaldi-ederra\/\" \/>\n<meta property=\"og:locale\" content=\"es_ES\" \/>\n<meta property=\"og:type\" content=\"article\" \/>\n<meta property=\"og:title\" content=\"MAGNIFICO FESTIVAL BENAJMIN Y ALEVIN - Tolosaldea IKT - Igeriketa Kirol Taldea\" \/>\n<meta property=\"og:description\" content=\"El s\u00e1bado a la tarde se celebr\u00f3 en Usabal la segunda jornada de liga benjam\u00edn y la cuarta de liga alev\u00edn en las cuales participaron los [\u2026]\" \/>\n<meta property=\"og:url\" content=\"https:\/\/www.tolosaldeaikt.eus\/es\/benjamin-eta-alebinen-erakustaldi-ederra\/\" \/>\n<meta property=\"og:site_name\" content=\"Tolosaldea IKT - Igeriketa Kirol Taldea\" \/>\n<meta property=\"article:publisher\" content=\"https:\/\/www.facebook.com\/tolosaldea.ikt\" \/>\n<meta property=\"article:published_time\" content=\"2020-01-20T10:18:25+00:00\" \/>\n<meta property=\"article:modified_time\" content=\"2020-01-20T10:31:13+00:00\" \/>\n<meta property=\"og:image\" content=\"https:\/\/www.tolosaldeaikt.eus\/wp-content\/uploads\/2020\/01\/IMG-20200120-WA0002.jpg\" \/>\n\t<meta property=\"og:image:width\" content=\"1600\" \/>\n\t<meta property=\"og:image:height\" content=\"900\" \/>\n\t<meta property=\"og:image:type\" content=\"image\/jpeg\" \/>\n<meta name=\"author\" content=\"Nerea Pagola\" \/>\n<meta name=\"twitter:card\" content=\"summary_large_image\" \/>\n<meta name=\"twitter:creator\" content=\"@Tolosaldeaikt\" \/>\n<meta name=\"twitter:site\" content=\"@Tolosaldeaikt\" \/>\n<meta name=\"twitter:label1\" content=\"Escrito por\" \/>\n\t<meta name=\"twitter:data1\" content=\"Nerea Pagola\" \/>\n\t<meta name=\"twitter:label2\" content=\"Tiempo de lectura\" \/>\n\t<meta name=\"twitter:data2\" content=\"1 minuto\" \/>\n<!-- \/ Yoast SEO plugin. -->","yoast_head_json":{"title":"MAGNIFICO FESTIVAL BENAJMIN Y ALEVIN - Tolosaldea IKT - Igeriketa Kirol Taldea","robots":{"index":"index","follow":"follow","max-snippet":"max-snippet:-1","max-image-preview":"max-image-preview:large","max-video-preview":"max-video-preview:-1"},"canonical":"https:\/\/www.tolosaldeaikt.eus\/es\/benjamin-eta-alebinen-erakustaldi-ederra\/","og_locale":"es_ES","og_type":"article","og_title":"MAGNIFICO FESTIVAL BENAJMIN Y ALEVIN - Tolosaldea IKT - Igeriketa Kirol Taldea","og_description":"El s\u00e1bado a la tarde se celebr\u00f3 en Usabal la segunda jornada de liga benjam\u00edn y la cuarta de liga alev\u00edn en las cuales participaron los [\u2026]","og_url":"https:\/\/www.tolosaldeaikt.eus\/es\/benjamin-eta-alebinen-erakustaldi-ederra\/","og_site_name":"Tolosaldea IKT - Igeriketa Kirol Taldea","article_publisher":"https:\/\/www.facebook.com\/tolosaldea.ikt","article_published_time":"2020-01-20T10:18:25+00:00","article_modified_time":"2020-01-20T10:31:13+00:00","og_image":[{"width":1600,"height":900,"url":"https:\/\/www.tolosaldeaikt.eus\/wp-content\/uploads\/2020\/01\/IMG-20200120-WA0002.jpg","type":"image\/jpeg"}],"author":"Nerea Pagola","twitter_card":"summary_large_image","twitter_creator":"@Tolosaldeaikt","twitter_site":"@Tolosaldeaikt","twitter_misc":{"Escrito por":"Nerea Pagola","Tiempo de lectura":"1 minuto"},"schema":{"@context":"https:\/\/schema.org","@graph":[{"@type":"Article","@id":"https:\/\/www.tolosaldeaikt.eus\/es\/benjamin-eta-alebinen-erakustaldi-ederra\/#article","isPartOf":{"@id":"https:\/\/www.tolosaldeaikt.eus\/es\/benjamin-eta-alebinen-erakustaldi-ederra\/"},"author":{"name":"Nerea Pagola","@id":"https:\/\/www.tolosaldeaikt.eus\/es\/#\/schema\/person\/903db2dffa70fa5ae2f6e7675dd146b0"},"headline":"MAGNIFICO FESTIVAL BENAJMIN Y ALEVIN","datePublished":"2020-01-20T10:18:25+00:00","dateModified":"2020-01-20T10:31:13+00:00","mainEntityOfPage":{"@id":"https:\/\/www.tolosaldeaikt.eus\/es\/benjamin-eta-alebinen-erakustaldi-ederra\/"},"wordCount":231,"publisher":{"@id":"https:\/\/www.tolosaldeaikt.eus\/es\/#organization"},"image":{"@id":"https:\/\/www.tolosaldeaikt.eus\/es\/benjamin-eta-alebinen-erakustaldi-ederra\/#primaryimage"},"thumbnailUrl":"https:\/\/www.tolosaldeaikt.eus\/wp-content\/uploads\/2020\/01\/IMG-20200120-WA0002.jpg","articleSection":["Escuela de nataci\u00f3n"],"inLanguage":"es"},{"@type":"WebPage","@id":"https:\/\/www.tolosaldeaikt.eus\/es\/benjamin-eta-alebinen-erakustaldi-ederra\/","url":"https:\/\/www.tolosaldeaikt.eus\/es\/benjamin-eta-alebinen-erakustaldi-ederra\/","name":"MAGNIFICO FESTIVAL BENAJMIN Y ALEVIN - Tolosaldea IKT - Igeriketa Kirol Taldea","isPartOf":{"@id":"https:\/\/www.tolosaldeaikt.eus\/es\/#website"},"primaryImageOfPage":{"@id":"https:\/\/www.tolosaldeaikt.eus\/es\/benjamin-eta-alebinen-erakustaldi-ederra\/#primaryimage"},"image":{"@id":"https:\/\/www.tolosaldeaikt.eus\/es\/benjamin-eta-alebinen-erakustaldi-ederra\/#primaryimage"},"thumbnailUrl":"https:\/\/www.tolosaldeaikt.eus\/wp-content\/uploads\/2020\/01\/IMG-20200120-WA0002.jpg","datePublished":"2020-01-20T10:18:25+00:00","dateModified":"2020-01-20T10:31:13+00:00","breadcrumb":{"@id":"https:\/\/www.tolosaldeaikt.eus\/es\/benjamin-eta-alebinen-erakustaldi-ederra\/#breadcrumb"},"inLanguage":"es","potentialAction":[{"@type":"ReadAction","target":["https:\/\/www.tolosaldeaikt.eus\/es\/benjamin-eta-alebinen-erakustaldi-ederra\/"]}]},{"@type":"ImageObject","inLanguage":"es","@id":"https:\/\/www.tolosaldeaikt.eus\/es\/benjamin-eta-alebinen-erakustaldi-ederra\/#primaryimage","url":"https:\/\/www.tolosaldeaikt.eus\/wp-content\/uploads\/2020\/01\/IMG-20200120-WA0002.jpg","contentUrl":"https:\/\/www.tolosaldeaikt.eus\/wp-content\/uploads\/2020\/01\/IMG-20200120-WA0002.jpg","width":1600,"height":900},{"@type":"BreadcrumbList","@id":"https:\/\/www.tolosaldeaikt.eus\/es\/benjamin-eta-alebinen-erakustaldi-ederra\/#breadcrumb","itemListElement":[{"@type":"ListItem","position":1,"name":"Home","item":"https:\/\/www.tolosaldeaikt.eus\/es\/"},{"@type":"ListItem","position":2,"name":"MAGNIFICO FESTIVAL BENAJMIN Y ALEVIN"}]},{"@type":"WebSite","@id":"https:\/\/www.tolosaldeaikt.eus\/es\/#website","url":"https:\/\/www.tolosaldeaikt.eus\/es\/","name":"Tolosaldea IKT - Igeriketa Kirol Taldea","description":"Web de Tolosaldea Igeriketa Kirol Taldea. Informaci\u00f3n, noticias, competiciones, resultados, m\u00ednimas, series, y mucho en un click","publisher":{"@id":"https:\/\/www.tolosaldeaikt.eus\/es\/#organization"},"potentialAction":[{"@type":"SearchAction","target":{"@type":"EntryPoint","urlTemplate":"https:\/\/www.tolosaldeaikt.eus\/es\/?s={search_term_string}"},"query-input":"required name=search_term_string"}],"inLanguage":"es"},{"@type":"Organization","@id":"https:\/\/www.tolosaldeaikt.eus\/es\/#organization","name":"Tolosaldea IKT - Igeriketa Kirol Taldea","url":"https:\/\/www.tolosaldeaikt.eus\/es\/","logo":{"@type":"ImageObject","inLanguage":"es","@id":"https:\/\/www.tolosaldeaikt.eus\/es\/#\/schema\/logo\/image\/","url":"https:\/\/www.tolosaldeaikt.eus\/wp-content\/uploads\/2018\/12\/aurkezpena.jpg","contentUrl":"https:\/\/www.tolosaldeaikt.eus\/wp-content\/uploads\/2018\/12\/aurkezpena.jpg","width":1400,"height":800,"caption":"Tolosaldea IKT - Igeriketa Kirol Taldea"},"image":{"@id":"https:\/\/www.tolosaldeaikt.eus\/es\/#\/schema\/logo\/image\/"},"sameAs":["https:\/\/www.facebook.com\/tolosaldea.ikt","https:\/\/x.com\/Tolosaldeaikt"]},{"@type":"Person","@id":"https:\/\/www.tolosaldeaikt.eus\/es\/#\/schema\/person\/903db2dffa70fa5ae2f6e7675dd146b0","name":"Nerea Pagola","image":{"@type":"ImageObject","inLanguage":"es","@id":"https:\/\/www.tolosaldeaikt.eus\/es\/#\/schema\/person\/image\/","url":"https:\/\/secure.gravatar.com\/avatar\/0614cb8e226823a51327bf0e4c8a92b3","contentUrl":"https:\/\/secure.gravatar.com\/avatar\/0614cb8e226823a51327bf0e4c8a92b3","caption":"Nerea Pagola"}}]}},"_links":{"self":[{"href":"https:\/\/www.tolosaldeaikt.eus\/es\/wp-json\/wp\/v2\/posts\/5191"}],"collection":[{"href":"https:\/\/www.tolosaldeaikt.eus\/es\/wp-json\/wp\/v2\/posts"}],"about":[{"href":"https:\/\/www.tolosaldeaikt.eus\/es\/wp-json\/wp\/v2\/types\/post"}],"author":[{"embeddable":true,"href":"https:\/\/www.tolosaldeaikt.eus\/es\/wp-json\/wp\/v2\/users\/2"}],"replies":[{"embeddable":true,"href":"https:\/\/www.tolosaldeaikt.eus\/es\/wp-json\/wp\/v2\/comments?post=5191"}],"version-history":[{"count":2,"href":"https:\/\/www.tolosaldeaikt.eus\/es\/wp-json\/wp\/v2\/posts\/5191\/revisions"}],"predecessor-version":[{"id":5193,"href":"https:\/\/www.tolosaldeaikt.eus\/es\/wp-json\/wp\/v2\/posts\/5191\/revisions\/5193"}],"wp:featuredmedia":[{"embeddable":true,"href":"https:\/\/www.tolosaldeaikt.eus\/es\/wp-json\/wp\/v2\/media\/5183"}],"wp:attachment":[{"href":"https:\/\/www.tolosaldeaikt.eus\/es\/wp-json\/wp\/v2\/media?parent=5191"}],"wp:term":[{"taxonomy":"category","embeddable":true,"href":"https:\/\/www.tolosaldeaikt.eus\/es\/wp-json\/wp\/v2\/categories?post=5191"},{"taxonomy":"post_tag","embeddable":true,"href":"https:\/\/www.tolosaldeaikt.eus\/es\/wp-json\/wp\/v2\/tags?post=5191"}],"curies":[{"name":"wp","href":"https:\/\/api.w.org\/{rel}","templated":true}]}}