{"id":5083,"date":"2019-12-19T12:42:08","date_gmt":"2019-12-19T10:42:08","guid":{"rendered":"https:\/\/www.tolosaldeaikt.eus\/?p=5083"},"modified":"2019-12-19T12:42:08","modified_gmt":"2019-12-19T10:42:08","slug":"sabado-21-xx-paco-sanchez-saria","status":"publish","type":"post","link":"https:\/\/www.tolosaldeaikt.eus\/es\/sabado-21-xx-paco-sanchez-saria\/","title":{"rendered":"SABADO 21, XX.PACO SANCHEZ SARIA"},"content":{"rendered":"<p>El pr\u00f3ximo s\u00e1bado, 21 de Diciembre se celebrar\u00e1 la XX edici\u00f3n del Paco Sanchez saria. El festival se celebrar\u00e1 en la piscina de Usabal y dar\u00e1 comienzo a las 15:30 de la tarde.<\/p>\n<p>A parte de unos 100 nadadores de nuestra escuela, se acercar\u00e1n a Tolosa ni\u00f1os de Lasarte (Buruntzaldea), Hernani, Donosti (Fortuna y Easo) y Zarautz. En total una reuni\u00f3n de unos 300 chaval@s dispuestos a demostrar lo bien que nadan cada estilo.<\/p>\n<p>Los benjamines tienen que nadar una prueba del estilo que hayan elegido y los alevines en cambio 2 pruebas.<\/p>\n<p>Como en ediciones pasadas, esperamos que sea una tarde divertida y una fiesta de la nataci\u00f3n para los m\u00e1s peque\u00f1os de nuestros equipos.<\/p>\n<p>Desde esta ventana os invitamos a todos a participar de la fiesta.<\/p>\n<p>&nbsp;<\/p>\n<p>&nbsp;<\/p>\n<p>&nbsp;<\/p>\n","protected":false},"excerpt":{"rendered":"<p>El pr\u00f3ximo s\u00e1bado, 21 de Diciembre se celebrar\u00e1 la XX edici\u00f3n del Paco Sanchez saria. El festival se celebrar\u00e1 en la piscina de Usabal y dar\u00e1<span class=\"excerpt-hellip\"> [\u2026]<\/span><\/p>\n","protected":false},"author":2,"featured_media":4781,"comment_status":"closed","ping_status":"closed","sticky":false,"template":"","format":"standard","meta":{"_exactmetrics_skip_tracking":false,"_exactmetrics_sitenote_active":false,"_exactmetrics_sitenote_note":"","_exactmetrics_sitenote_category":0,"footnotes":""},"categories":[31],"tags":[],"yoast_head":"<!-- This site is optimized with the Yoast SEO plugin v22.5 - https:\/\/yoast.com\/wordpress\/plugins\/seo\/ -->\n<title>SABADO 21, XX.PACO SANCHEZ SARIA - Tolosaldea IKT - Igeriketa Kirol Taldea<\/title>\n<meta name=\"robots\" content=\"index, follow, max-snippet:-1, max-image-preview:large, max-video-preview:-1\" \/>\n<link rel=\"canonical\" href=\"https:\/\/www.tolosaldeaikt.eus\/es\/sabado-21-xx-paco-sanchez-saria\/\" \/>\n<meta property=\"og:locale\" content=\"es_ES\" \/>\n<meta property=\"og:type\" content=\"article\" \/>\n<meta property=\"og:title\" content=\"SABADO 21, XX.PACO SANCHEZ SARIA - Tolosaldea IKT - Igeriketa Kirol Taldea\" \/>\n<meta property=\"og:description\" content=\"El pr\u00f3ximo s\u00e1bado, 21 de Diciembre se celebrar\u00e1 la XX edici\u00f3n del Paco Sanchez saria. El festival se celebrar\u00e1 en la piscina de Usabal y dar\u00e1 [\u2026]\" \/>\n<meta property=\"og:url\" content=\"https:\/\/www.tolosaldeaikt.eus\/es\/sabado-21-xx-paco-sanchez-saria\/\" \/>\n<meta property=\"og:site_name\" content=\"Tolosaldea IKT - Igeriketa Kirol Taldea\" \/>\n<meta property=\"article:publisher\" content=\"https:\/\/www.facebook.com\/tolosaldea.ikt\" \/>\n<meta property=\"article:published_time\" content=\"2019-12-19T10:42:08+00:00\" \/>\n<meta property=\"og:image\" content=\"https:\/\/www.tolosaldeaikt.eus\/wp-content\/uploads\/2019\/05\/IMG_20190504_171051.jpg\" \/>\n\t<meta property=\"og:image:width\" content=\"4160\" \/>\n\t<meta property=\"og:image:height\" content=\"2336\" \/>\n\t<meta property=\"og:image:type\" content=\"image\/jpeg\" \/>\n<meta name=\"author\" content=\"Nerea Pagola\" \/>\n<meta name=\"twitter:card\" content=\"summary_large_image\" \/>\n<meta name=\"twitter:creator\" content=\"@Tolosaldeaikt\" \/>\n<meta name=\"twitter:site\" content=\"@Tolosaldeaikt\" \/>\n<meta name=\"twitter:label1\" content=\"Escrito por\" \/>\n\t<meta name=\"twitter:data1\" content=\"Nerea Pagola\" \/>\n\t<meta name=\"twitter:label2\" content=\"Tiempo de lectura\" \/>\n\t<meta name=\"twitter:data2\" content=\"1 minuto\" \/>\n<!-- \/ Yoast SEO plugin. -->","yoast_head_json":{"title":"SABADO 21, XX.PACO SANCHEZ SARIA - Tolosaldea IKT - Igeriketa Kirol Taldea","robots":{"index":"index","follow":"follow","max-snippet":"max-snippet:-1","max-image-preview":"max-image-preview:large","max-video-preview":"max-video-preview:-1"},"canonical":"https:\/\/www.tolosaldeaikt.eus\/es\/sabado-21-xx-paco-sanchez-saria\/","og_locale":"es_ES","og_type":"article","og_title":"SABADO 21, XX.PACO SANCHEZ SARIA - Tolosaldea IKT - Igeriketa Kirol Taldea","og_description":"El pr\u00f3ximo s\u00e1bado, 21 de Diciembre se celebrar\u00e1 la XX edici\u00f3n del Paco Sanchez saria. El festival se celebrar\u00e1 en la piscina de Usabal y dar\u00e1 [\u2026]","og_url":"https:\/\/www.tolosaldeaikt.eus\/es\/sabado-21-xx-paco-sanchez-saria\/","og_site_name":"Tolosaldea IKT - Igeriketa Kirol Taldea","article_publisher":"https:\/\/www.facebook.com\/tolosaldea.ikt","article_published_time":"2019-12-19T10:42:08+00:00","og_image":[{"width":4160,"height":2336,"url":"https:\/\/www.tolosaldeaikt.eus\/wp-content\/uploads\/2019\/05\/IMG_20190504_171051.jpg","type":"image\/jpeg"}],"author":"Nerea Pagola","twitter_card":"summary_large_image","twitter_creator":"@Tolosaldeaikt","twitter_site":"@Tolosaldeaikt","twitter_misc":{"Escrito por":"Nerea Pagola","Tiempo de lectura":"1 minuto"},"schema":{"@context":"https:\/\/schema.org","@graph":[{"@type":"Article","@id":"https:\/\/www.tolosaldeaikt.eus\/es\/sabado-21-xx-paco-sanchez-saria\/#article","isPartOf":{"@id":"https:\/\/www.tolosaldeaikt.eus\/es\/sabado-21-xx-paco-sanchez-saria\/"},"author":{"name":"Nerea Pagola","@id":"https:\/\/www.tolosaldeaikt.eus\/es\/#\/schema\/person\/903db2dffa70fa5ae2f6e7675dd146b0"},"headline":"SABADO 21, XX.PACO SANCHEZ SARIA","datePublished":"2019-12-19T10:42:08+00:00","dateModified":"2019-12-19T10:42:08+00:00","mainEntityOfPage":{"@id":"https:\/\/www.tolosaldeaikt.eus\/es\/sabado-21-xx-paco-sanchez-saria\/"},"wordCount":141,"publisher":{"@id":"https:\/\/www.tolosaldeaikt.eus\/es\/#organization"},"image":{"@id":"https:\/\/www.tolosaldeaikt.eus\/es\/sabado-21-xx-paco-sanchez-saria\/#primaryimage"},"thumbnailUrl":"https:\/\/www.tolosaldeaikt.eus\/wp-content\/uploads\/2019\/05\/IMG_20190504_171051.jpg","articleSection":["Escuela de nataci\u00f3n"],"inLanguage":"es"},{"@type":"WebPage","@id":"https:\/\/www.tolosaldeaikt.eus\/es\/sabado-21-xx-paco-sanchez-saria\/","url":"https:\/\/www.tolosaldeaikt.eus\/es\/sabado-21-xx-paco-sanchez-saria\/","name":"SABADO 21, XX.PACO SANCHEZ SARIA - Tolosaldea IKT - Igeriketa Kirol Taldea","isPartOf":{"@id":"https:\/\/www.tolosaldeaikt.eus\/es\/#website"},"primaryImageOfPage":{"@id":"https:\/\/www.tolosaldeaikt.eus\/es\/sabado-21-xx-paco-sanchez-saria\/#primaryimage"},"image":{"@id":"https:\/\/www.tolosaldeaikt.eus\/es\/sabado-21-xx-paco-sanchez-saria\/#primaryimage"},"thumbnailUrl":"https:\/\/www.tolosaldeaikt.eus\/wp-content\/uploads\/2019\/05\/IMG_20190504_171051.jpg","datePublished":"2019-12-19T10:42:08+00:00","dateModified":"2019-12-19T10:42:08+00:00","breadcrumb":{"@id":"https:\/\/www.tolosaldeaikt.eus\/es\/sabado-21-xx-paco-sanchez-saria\/#breadcrumb"},"inLanguage":"es","potentialAction":[{"@type":"ReadAction","target":["https:\/\/www.tolosaldeaikt.eus\/es\/sabado-21-xx-paco-sanchez-saria\/"]}]},{"@type":"ImageObject","inLanguage":"es","@id":"https:\/\/www.tolosaldeaikt.eus\/es\/sabado-21-xx-paco-sanchez-saria\/#primaryimage","url":"https:\/\/www.tolosaldeaikt.eus\/wp-content\/uploads\/2019\/05\/IMG_20190504_171051.jpg","contentUrl":"https:\/\/www.tolosaldeaikt.eus\/wp-content\/uploads\/2019\/05\/IMG_20190504_171051.jpg","width":4160,"height":2336},{"@type":"BreadcrumbList","@id":"https:\/\/www.tolosaldeaikt.eus\/es\/sabado-21-xx-paco-sanchez-saria\/#breadcrumb","itemListElement":[{"@type":"ListItem","position":1,"name":"Home","item":"https:\/\/www.tolosaldeaikt.eus\/es\/"},{"@type":"ListItem","position":2,"name":"SABADO 21, XX.PACO SANCHEZ SARIA"}]},{"@type":"WebSite","@id":"https:\/\/www.tolosaldeaikt.eus\/es\/#website","url":"https:\/\/www.tolosaldeaikt.eus\/es\/","name":"Tolosaldea IKT - Igeriketa Kirol Taldea","description":"Web de Tolosaldea Igeriketa Kirol Taldea. Informaci\u00f3n, noticias, competiciones, resultados, m\u00ednimas, series, y mucho en un click","publisher":{"@id":"https:\/\/www.tolosaldeaikt.eus\/es\/#organization"},"potentialAction":[{"@type":"SearchAction","target":{"@type":"EntryPoint","urlTemplate":"https:\/\/www.tolosaldeaikt.eus\/es\/?s={search_term_string}"},"query-input":"required name=search_term_string"}],"inLanguage":"es"},{"@type":"Organization","@id":"https:\/\/www.tolosaldeaikt.eus\/es\/#organization","name":"Tolosaldea IKT - Igeriketa Kirol Taldea","url":"https:\/\/www.tolosaldeaikt.eus\/es\/","logo":{"@type":"ImageObject","inLanguage":"es","@id":"https:\/\/www.tolosaldeaikt.eus\/es\/#\/schema\/logo\/image\/","url":"https:\/\/www.tolosaldeaikt.eus\/wp-content\/uploads\/2018\/12\/aurkezpena.jpg","contentUrl":"https:\/\/www.tolosaldeaikt.eus\/wp-content\/uploads\/2018\/12\/aurkezpena.jpg","width":1400,"height":800,"caption":"Tolosaldea IKT - Igeriketa Kirol Taldea"},"image":{"@id":"https:\/\/www.tolosaldeaikt.eus\/es\/#\/schema\/logo\/image\/"},"sameAs":["https:\/\/www.facebook.com\/tolosaldea.ikt","https:\/\/x.com\/Tolosaldeaikt"]},{"@type":"Person","@id":"https:\/\/www.tolosaldeaikt.eus\/es\/#\/schema\/person\/903db2dffa70fa5ae2f6e7675dd146b0","name":"Nerea Pagola","image":{"@type":"ImageObject","inLanguage":"es","@id":"https:\/\/www.tolosaldeaikt.eus\/es\/#\/schema\/person\/image\/","url":"https:\/\/secure.gravatar.com\/avatar\/0614cb8e226823a51327bf0e4c8a92b3","contentUrl":"https:\/\/secure.gravatar.com\/avatar\/0614cb8e226823a51327bf0e4c8a92b3","caption":"Nerea Pagola"}}]}},"_links":{"self":[{"href":"https:\/\/www.tolosaldeaikt.eus\/es\/wp-json\/wp\/v2\/posts\/5083"}],"collection":[{"href":"https:\/\/www.tolosaldeaikt.eus\/es\/wp-json\/wp\/v2\/posts"}],"about":[{"href":"https:\/\/www.tolosaldeaikt.eus\/es\/wp-json\/wp\/v2\/types\/post"}],"author":[{"embeddable":true,"href":"https:\/\/www.tolosaldeaikt.eus\/es\/wp-json\/wp\/v2\/users\/2"}],"replies":[{"embeddable":true,"href":"https:\/\/www.tolosaldeaikt.eus\/es\/wp-json\/wp\/v2\/comments?post=5083"}],"version-history":[{"count":2,"href":"https:\/\/www.tolosaldeaikt.eus\/es\/wp-json\/wp\/v2\/posts\/5083\/revisions"}],"predecessor-version":[{"id":5086,"href":"https:\/\/www.tolosaldeaikt.eus\/es\/wp-json\/wp\/v2\/posts\/5083\/revisions\/5086"}],"wp:featuredmedia":[{"embeddable":true,"href":"https:\/\/www.tolosaldeaikt.eus\/es\/wp-json\/wp\/v2\/media\/4781"}],"wp:attachment":[{"href":"https:\/\/www.tolosaldeaikt.eus\/es\/wp-json\/wp\/v2\/media?parent=5083"}],"wp:term":[{"taxonomy":"category","embeddable":true,"href":"https:\/\/www.tolosaldeaikt.eus\/es\/wp-json\/wp\/v2\/categories?post=5083"},{"taxonomy":"post_tag","embeddable":true,"href":"https:\/\/www.tolosaldeaikt.eus\/es\/wp-json\/wp\/v2\/tags?post=5083"}],"curies":[{"name":"wp","href":"https:\/\/api.w.org\/{rel}","templated":true}]}}