{"id":5032,"date":"2019-12-12T15:25:18","date_gmt":"2019-12-12T13:25:18","guid":{"rendered":"https:\/\/www.tolosaldeaikt.eus\/?p=5032"},"modified":"2019-12-16T11:44:46","modified_gmt":"2019-12-16T09:44:46","slug":"emaitza-oso-onak-gijonen-ospatutako-espainiako-txapelketan","status":"publish","type":"post","link":"https:\/\/www.tolosaldeaikt.eus\/es\/emaitza-oso-onak-gijonen-ospatutako-espainiako-txapelketan\/","title":{"rendered":"BUENOS RESULTADOS EN EL CAMPEONATO DE ESPA\u00d1A CELEBRADO EN GIJON"},"content":{"rendered":"<p>En el campeonato absoluto celebrado en piscina de 25 metros se registraron varias marcas personales adem\u00e1s del record de Euskadi de 17 a\u00f1os de Eneko Garmendia en 100 espalda.<\/p>\n<p>los integrantes del equipo fueron Eneko Garmendia, Maddi Barriola, Eneko Barriola e Irati Arzalluz adem\u00e1s de Joseba Zubeldia, entrenador del grupo.<\/p>\n<p>Las 3 pruebas de Espalda de Eneko Garmendia fueron inmejorables, en 50 espalda marco 25\u00bb78, en 100 55\u00bb58 y en 200 2&#8217;06\u00bb00. Los tiempos de 50 y 100 son realmente remarcables , ya que las dos son final B del campeonato y adem\u00e1s el 100 es record de Euskadi de 17 a\u00f1os.<\/p>\n<p>Maddi Barriola nado el 100 mariposa con una marca de 1&#8217;04\u00bb12, nueva marca personal y en el 200 hizo una marca de 2&#8217;20\u00bb31. Marcas importantes sobre todo teniendo en cuenta la \u00e9poca en la que se celebr\u00f3 el campeonato y todo lo que queda aun de temporada.<\/p>\n<p>Eneko Barriola tambi\u00e9n hizo marca personal en 100 espalda, con un tiempo de 56\u00bb66 lo mismo que en el 200 con una marca de 2&#8217;04\u00bb24.<\/p>\n<p>Irati Arzalluz, aun nadando muy bien, le toco sufrir la mala suerte que a veces se vive en el deporte. El tiempo que marco el crono electr\u00f3nico no se correspondi\u00f3 a lo que daba el manual, pero la reclamaci\u00f3n no sirvi\u00f3 de nada. Una pena, pero hay que quedarse con el buen trabajo hecho y la marca extraoficial que era un bonito tiempo.<\/p>\n<p>Gran campeonato sin duda! felicidades a los nadadores y como no al entrenador!<\/p>\n<p>&nbsp;<\/p>\n<p>&nbsp;<\/p>\n","protected":false},"excerpt":{"rendered":"<p>En el campeonato absoluto celebrado en piscina de 25 metros se registraron varias marcas personales adem\u00e1s del record de Euskadi de 17 a\u00f1os de Eneko Garmendia<span class=\"excerpt-hellip\"> [\u2026]<\/span><\/p>\n","protected":false},"author":2,"featured_media":5065,"comment_status":"closed","ping_status":"closed","sticky":false,"template":"","format":"standard","meta":{"_exactmetrics_skip_tracking":false,"_exactmetrics_sitenote_active":false,"_exactmetrics_sitenote_note":"","_exactmetrics_sitenote_category":0,"footnotes":""},"categories":[32],"tags":[],"yoast_head":"<!-- This site is optimized with the Yoast SEO plugin v22.5 - https:\/\/yoast.com\/wordpress\/plugins\/seo\/ -->\n<title>BUENOS RESULTADOS EN EL CAMPEONATO DE ESPA\u00d1A CELEBRADO EN GIJON - Tolosaldea IKT - Igeriketa Kirol Taldea<\/title>\n<meta name=\"robots\" content=\"index, follow, max-snippet:-1, max-image-preview:large, max-video-preview:-1\" \/>\n<link rel=\"canonical\" href=\"https:\/\/www.tolosaldeaikt.eus\/es\/emaitza-oso-onak-gijonen-ospatutako-espainiako-txapelketan\/\" \/>\n<meta property=\"og:locale\" content=\"es_ES\" \/>\n<meta property=\"og:type\" content=\"article\" \/>\n<meta property=\"og:title\" content=\"BUENOS RESULTADOS EN EL CAMPEONATO DE ESPA\u00d1A CELEBRADO EN GIJON - Tolosaldea IKT - Igeriketa Kirol Taldea\" \/>\n<meta property=\"og:description\" content=\"En el campeonato absoluto celebrado en piscina de 25 metros se registraron varias marcas personales adem\u00e1s del record de Euskadi de 17 a\u00f1os de Eneko Garmendia [\u2026]\" \/>\n<meta property=\"og:url\" content=\"https:\/\/www.tolosaldeaikt.eus\/es\/emaitza-oso-onak-gijonen-ospatutako-espainiako-txapelketan\/\" \/>\n<meta property=\"og:site_name\" content=\"Tolosaldea IKT - Igeriketa Kirol Taldea\" \/>\n<meta property=\"article:publisher\" content=\"https:\/\/www.facebook.com\/tolosaldea.ikt\" \/>\n<meta property=\"article:published_time\" content=\"2019-12-12T13:25:18+00:00\" \/>\n<meta property=\"article:modified_time\" content=\"2019-12-16T09:44:46+00:00\" \/>\n<meta property=\"og:image\" content=\"https:\/\/www.tolosaldeaikt.eus\/wp-content\/uploads\/2019\/12\/IMG-20191216-WA0001.jpg\" \/>\n\t<meta property=\"og:image:width\" content=\"1600\" \/>\n\t<meta property=\"og:image:height\" content=\"1200\" \/>\n\t<meta property=\"og:image:type\" content=\"image\/jpeg\" \/>\n<meta name=\"author\" content=\"Nerea Pagola\" \/>\n<meta name=\"twitter:card\" content=\"summary_large_image\" \/>\n<meta name=\"twitter:creator\" content=\"@Tolosaldeaikt\" \/>\n<meta name=\"twitter:site\" content=\"@Tolosaldeaikt\" \/>\n<meta name=\"twitter:label1\" content=\"Escrito por\" \/>\n\t<meta name=\"twitter:data1\" content=\"Nerea Pagola\" \/>\n\t<meta name=\"twitter:label2\" content=\"Tiempo de lectura\" \/>\n\t<meta name=\"twitter:data2\" content=\"1 minuto\" \/>\n<!-- \/ Yoast SEO plugin. -->","yoast_head_json":{"title":"BUENOS RESULTADOS EN EL CAMPEONATO DE ESPA\u00d1A CELEBRADO EN GIJON - Tolosaldea IKT - Igeriketa Kirol Taldea","robots":{"index":"index","follow":"follow","max-snippet":"max-snippet:-1","max-image-preview":"max-image-preview:large","max-video-preview":"max-video-preview:-1"},"canonical":"https:\/\/www.tolosaldeaikt.eus\/es\/emaitza-oso-onak-gijonen-ospatutako-espainiako-txapelketan\/","og_locale":"es_ES","og_type":"article","og_title":"BUENOS RESULTADOS EN EL CAMPEONATO DE ESPA\u00d1A CELEBRADO EN GIJON - Tolosaldea IKT - Igeriketa Kirol Taldea","og_description":"En el campeonato absoluto celebrado en piscina de 25 metros se registraron varias marcas personales adem\u00e1s del record de Euskadi de 17 a\u00f1os de Eneko Garmendia [\u2026]","og_url":"https:\/\/www.tolosaldeaikt.eus\/es\/emaitza-oso-onak-gijonen-ospatutako-espainiako-txapelketan\/","og_site_name":"Tolosaldea IKT - Igeriketa Kirol Taldea","article_publisher":"https:\/\/www.facebook.com\/tolosaldea.ikt","article_published_time":"2019-12-12T13:25:18+00:00","article_modified_time":"2019-12-16T09:44:46+00:00","og_image":[{"width":1600,"height":1200,"url":"https:\/\/www.tolosaldeaikt.eus\/wp-content\/uploads\/2019\/12\/IMG-20191216-WA0001.jpg","type":"image\/jpeg"}],"author":"Nerea Pagola","twitter_card":"summary_large_image","twitter_creator":"@Tolosaldeaikt","twitter_site":"@Tolosaldeaikt","twitter_misc":{"Escrito por":"Nerea Pagola","Tiempo de lectura":"1 minuto"},"schema":{"@context":"https:\/\/schema.org","@graph":[{"@type":"Article","@id":"https:\/\/www.tolosaldeaikt.eus\/es\/emaitza-oso-onak-gijonen-ospatutako-espainiako-txapelketan\/#article","isPartOf":{"@id":"https:\/\/www.tolosaldeaikt.eus\/es\/emaitza-oso-onak-gijonen-ospatutako-espainiako-txapelketan\/"},"author":{"name":"Nerea Pagola","@id":"https:\/\/www.tolosaldeaikt.eus\/es\/#\/schema\/person\/903db2dffa70fa5ae2f6e7675dd146b0"},"headline":"BUENOS RESULTADOS EN EL CAMPEONATO DE ESPA\u00d1A CELEBRADO EN GIJON","datePublished":"2019-12-12T13:25:18+00:00","dateModified":"2019-12-16T09:44:46+00:00","mainEntityOfPage":{"@id":"https:\/\/www.tolosaldeaikt.eus\/es\/emaitza-oso-onak-gijonen-ospatutako-espainiako-txapelketan\/"},"wordCount":259,"publisher":{"@id":"https:\/\/www.tolosaldeaikt.eus\/es\/#organization"},"image":{"@id":"https:\/\/www.tolosaldeaikt.eus\/es\/emaitza-oso-onak-gijonen-ospatutako-espainiako-txapelketan\/#primaryimage"},"thumbnailUrl":"https:\/\/www.tolosaldeaikt.eus\/wp-content\/uploads\/2019\/12\/IMG-20191216-WA0001.jpg","articleSection":["Club de nataci\u00f3n"],"inLanguage":"es"},{"@type":"WebPage","@id":"https:\/\/www.tolosaldeaikt.eus\/es\/emaitza-oso-onak-gijonen-ospatutako-espainiako-txapelketan\/","url":"https:\/\/www.tolosaldeaikt.eus\/es\/emaitza-oso-onak-gijonen-ospatutako-espainiako-txapelketan\/","name":"BUENOS RESULTADOS EN EL CAMPEONATO DE ESPA\u00d1A CELEBRADO EN GIJON - Tolosaldea IKT - Igeriketa Kirol Taldea","isPartOf":{"@id":"https:\/\/www.tolosaldeaikt.eus\/es\/#website"},"primaryImageOfPage":{"@id":"https:\/\/www.tolosaldeaikt.eus\/es\/emaitza-oso-onak-gijonen-ospatutako-espainiako-txapelketan\/#primaryimage"},"image":{"@id":"https:\/\/www.tolosaldeaikt.eus\/es\/emaitza-oso-onak-gijonen-ospatutako-espainiako-txapelketan\/#primaryimage"},"thumbnailUrl":"https:\/\/www.tolosaldeaikt.eus\/wp-content\/uploads\/2019\/12\/IMG-20191216-WA0001.jpg","datePublished":"2019-12-12T13:25:18+00:00","dateModified":"2019-12-16T09:44:46+00:00","breadcrumb":{"@id":"https:\/\/www.tolosaldeaikt.eus\/es\/emaitza-oso-onak-gijonen-ospatutako-espainiako-txapelketan\/#breadcrumb"},"inLanguage":"es","potentialAction":[{"@type":"ReadAction","target":["https:\/\/www.tolosaldeaikt.eus\/es\/emaitza-oso-onak-gijonen-ospatutako-espainiako-txapelketan\/"]}]},{"@type":"ImageObject","inLanguage":"es","@id":"https:\/\/www.tolosaldeaikt.eus\/es\/emaitza-oso-onak-gijonen-ospatutako-espainiako-txapelketan\/#primaryimage","url":"https:\/\/www.tolosaldeaikt.eus\/wp-content\/uploads\/2019\/12\/IMG-20191216-WA0001.jpg","contentUrl":"https:\/\/www.tolosaldeaikt.eus\/wp-content\/uploads\/2019\/12\/IMG-20191216-WA0001.jpg","width":1600,"height":1200},{"@type":"BreadcrumbList","@id":"https:\/\/www.tolosaldeaikt.eus\/es\/emaitza-oso-onak-gijonen-ospatutako-espainiako-txapelketan\/#breadcrumb","itemListElement":[{"@type":"ListItem","position":1,"name":"Home","item":"https:\/\/www.tolosaldeaikt.eus\/es\/"},{"@type":"ListItem","position":2,"name":"BUENOS RESULTADOS EN EL CAMPEONATO DE ESPA\u00d1A CELEBRADO EN GIJON"}]},{"@type":"WebSite","@id":"https:\/\/www.tolosaldeaikt.eus\/es\/#website","url":"https:\/\/www.tolosaldeaikt.eus\/es\/","name":"Tolosaldea IKT - Igeriketa Kirol Taldea","description":"Web de Tolosaldea Igeriketa Kirol Taldea. Informaci\u00f3n, noticias, competiciones, resultados, m\u00ednimas, series, y mucho en un click","publisher":{"@id":"https:\/\/www.tolosaldeaikt.eus\/es\/#organization"},"potentialAction":[{"@type":"SearchAction","target":{"@type":"EntryPoint","urlTemplate":"https:\/\/www.tolosaldeaikt.eus\/es\/?s={search_term_string}"},"query-input":"required name=search_term_string"}],"inLanguage":"es"},{"@type":"Organization","@id":"https:\/\/www.tolosaldeaikt.eus\/es\/#organization","name":"Tolosaldea IKT - Igeriketa Kirol Taldea","url":"https:\/\/www.tolosaldeaikt.eus\/es\/","logo":{"@type":"ImageObject","inLanguage":"es","@id":"https:\/\/www.tolosaldeaikt.eus\/es\/#\/schema\/logo\/image\/","url":"https:\/\/www.tolosaldeaikt.eus\/wp-content\/uploads\/2018\/12\/aurkezpena.jpg","contentUrl":"https:\/\/www.tolosaldeaikt.eus\/wp-content\/uploads\/2018\/12\/aurkezpena.jpg","width":1400,"height":800,"caption":"Tolosaldea IKT - Igeriketa Kirol Taldea"},"image":{"@id":"https:\/\/www.tolosaldeaikt.eus\/es\/#\/schema\/logo\/image\/"},"sameAs":["https:\/\/www.facebook.com\/tolosaldea.ikt","https:\/\/x.com\/Tolosaldeaikt"]},{"@type":"Person","@id":"https:\/\/www.tolosaldeaikt.eus\/es\/#\/schema\/person\/903db2dffa70fa5ae2f6e7675dd146b0","name":"Nerea Pagola","image":{"@type":"ImageObject","inLanguage":"es","@id":"https:\/\/www.tolosaldeaikt.eus\/es\/#\/schema\/person\/image\/","url":"https:\/\/secure.gravatar.com\/avatar\/0614cb8e226823a51327bf0e4c8a92b3","contentUrl":"https:\/\/secure.gravatar.com\/avatar\/0614cb8e226823a51327bf0e4c8a92b3","caption":"Nerea Pagola"}}]}},"_links":{"self":[{"href":"https:\/\/www.tolosaldeaikt.eus\/es\/wp-json\/wp\/v2\/posts\/5032"}],"collection":[{"href":"https:\/\/www.tolosaldeaikt.eus\/es\/wp-json\/wp\/v2\/posts"}],"about":[{"href":"https:\/\/www.tolosaldeaikt.eus\/es\/wp-json\/wp\/v2\/types\/post"}],"author":[{"embeddable":true,"href":"https:\/\/www.tolosaldeaikt.eus\/es\/wp-json\/wp\/v2\/users\/2"}],"replies":[{"embeddable":true,"href":"https:\/\/www.tolosaldeaikt.eus\/es\/wp-json\/wp\/v2\/comments?post=5032"}],"version-history":[{"count":3,"href":"https:\/\/www.tolosaldeaikt.eus\/es\/wp-json\/wp\/v2\/posts\/5032\/revisions"}],"predecessor-version":[{"id":5035,"href":"https:\/\/www.tolosaldeaikt.eus\/es\/wp-json\/wp\/v2\/posts\/5032\/revisions\/5035"}],"wp:featuredmedia":[{"embeddable":true,"href":"https:\/\/www.tolosaldeaikt.eus\/es\/wp-json\/wp\/v2\/media\/5065"}],"wp:attachment":[{"href":"https:\/\/www.tolosaldeaikt.eus\/es\/wp-json\/wp\/v2\/media?parent=5032"}],"wp:term":[{"taxonomy":"category","embeddable":true,"href":"https:\/\/www.tolosaldeaikt.eus\/es\/wp-json\/wp\/v2\/categories?post=5032"},{"taxonomy":"post_tag","embeddable":true,"href":"https:\/\/www.tolosaldeaikt.eus\/es\/wp-json\/wp\/v2\/tags?post=5032"}],"curies":[{"name":"wp","href":"https:\/\/api.w.org\/{rel}","templated":true}]}}