{"id":4830,"date":"2019-05-07T10:01:28","date_gmt":"2019-05-07T08:01:28","guid":{"rendered":"https:\/\/www.tolosaldeaikt.eus\/udaberri-zirkuituan-san-juan-saria-eta-ordizia-saria\/"},"modified":"2019-05-07T13:48:24","modified_gmt":"2019-05-07T11:48:24","slug":"udaberri-zirkuituan-san-juan-saria-eta-ordizia-saria","status":"publish","type":"post","link":"https:\/\/www.tolosaldeaikt.eus\/es\/udaberri-zirkuituan-san-juan-saria-eta-ordizia-saria\/","title":{"rendered":"TROFEO SAN JUAN Y TROFEO ORDIZIA DEL CIRCUITO DE PRIMAVERA"},"content":{"rendered":"<p>El s\u00e1bado se celebr\u00f3 en la piscina Usabal de Tolosa el Trofeo San Juan mas tempranero de la historia. Con intenci\u00f3n de adecuarnos al calendario y para entrar en el circuito de trofeos hemos tenido de pasar el Trofeo de Junio a Mayo. Por otra parte al haber entrado en el circuito a subido el nivel de los participantes y por ello a sido una jornada especialmente atractiva.<\/p>\n<p>Al entrar en el circuito A los nadadores participantes ten\u00edan que poseer al menos 2 m\u00ednimas para participar y por ello los nadadores participantes fueron los que m\u00e1s calidad han demostrado durante esta temporada, lo que ayudo a ver tiempos de gran calidad.<\/p>\n<p>Los j\u00f3venes de la comarca llegaban con alguna duda de como responder\u00edan despu\u00e9s de los d\u00edas de vacaciones de semana santa, pero no ha quedado duda de que siguen en forma y alguno incluso despu\u00e9s de la copa se encuentra con m\u00e1s confianza. En general las marcas registradas no estuvieron lejos de sus mejores tiempos.<\/p>\n<p>En cuanto a la clasificaci\u00f3n general no podemos decir que nos fuera demasiado bien, ya que los j\u00f3venes de Bidasoa acudieron a la cita en muy buena forma y se llevaron casi todos los premios.<\/p>\n<p>Fue una ma\u00f1ana bonita, con muy buen ambiente y de la cual nos quedamos con buen sabor de boca.<\/p>\n<p>Una vez m\u00e1s agradecer a todos los padres que acudieron a ayudar en la organizaci\u00f3n, que aunque a la tarde tocaba otra competici\u00f3n no dudaron en venir de manera voluntaria. Muchas gracias a todos.<\/p>\n<p>Por otra parte, por la tarde se celebr\u00f3 en Ordizia la jornada del circuito B, a la cual acudieron los nadadores que no acreditaron marcas para el A. Fueron muchos los que acudieron a Ordizia y una vez m\u00e1s lo hicieron muy bien.<\/p>\n<p>En general los nadadores del circuito B son m\u00e1s j\u00f3venes que los del A y en casi todas las pruebas que nadaron consiguieron mejorar los tiempos que marcaban anteriormente. Son j\u00f3venes que han trabajado much\u00edsimo durante la temporada y que poco ha poco van mejorando y consiguiendo los objetivos marcados al comienzo de ella.<\/p>\n<p>Zorionak danoi!<\/p>\n\n\t\t\t<style type='text\/css'>\n\t\t\t\t#gallery-1 {\n\t\t\t\t\tmargin: auto;\n\t\t\t\t}\n\t\t\t\t#gallery-1 .gallery-item {\n\t\t\t\t\tfloat: left;\n\t\t\t\t\tmargin-top: 10px;\n\t\t\t\t\ttext-align: center;\n\t\t\t\t\twidth: 33.33%;\n\t\t\t\t}\n\t\t\t\t#gallery-1 img {\n\t\t\t\t\tborder: 2px solid #cfcfcf;\n\t\t\t\t}\n\t\t\t\t#gallery-1 .gallery-caption {\n\t\t\t\t\tmargin-left: 0;\n\t\t\t\t}\n\t\t\t\t\/* see gallery_shortcode() in wp-includes\/media.php *\/\n\t\t\t<\/style>\n\t\t<div id='gallery-1' class='gallery galleryid-4830 gallery-columns-3 gallery-size-thumbnail '><dl class='gallery-item'>\n\t\t\t\t<dt class='gallery-icon landscape'>\n\t\t\t\t\t<a data-rel=\"prettyPhoto[sliders]\" href='https:\/\/www.tolosaldeaikt.eus\/es\/udaberri-zirkuituan-san-juan-saria-eta-ordizia-saria\/img-20190506-wa0006-2-2\/'><img loading=\"lazy\" decoding=\"async\" width=\"150\" height=\"150\" src=\"https:\/\/www.tolosaldeaikt.eus\/wp-content\/uploads\/2019\/05\/IMG-20190506-WA0006-1-150x150.jpg\" class=\"attachment-thumbnail size-thumbnail\" alt=\"\" srcset=\"https:\/\/www.tolosaldeaikt.eus\/wp-content\/uploads\/2019\/05\/IMG-20190506-WA0006-1-150x150.jpg 150w, https:\/\/www.tolosaldeaikt.eus\/wp-content\/uploads\/2019\/05\/IMG-20190506-WA0006-1-85x85.jpg 85w, https:\/\/www.tolosaldeaikt.eus\/wp-content\/uploads\/2019\/05\/IMG-20190506-WA0006-1-80x80.jpg 80w\" sizes=\"(max-width: 150px) 100vw, 150px\" \/><\/a>\n\t\t\t\t<\/dt><\/dl><dl class='gallery-item'>\n\t\t\t\t<dt class='gallery-icon portrait'>\n\t\t\t\t\t<a data-rel=\"prettyPhoto[sliders]\" href='https:\/\/www.tolosaldeaikt.eus\/es\/udaberri-zirkuituan-san-juan-saria-eta-ordizia-saria\/img-20190506-wa0007-2-2\/'><img loading=\"lazy\" decoding=\"async\" width=\"150\" height=\"150\" src=\"https:\/\/www.tolosaldeaikt.eus\/wp-content\/uploads\/2019\/05\/IMG-20190506-WA0007-1-150x150.jpg\" class=\"attachment-thumbnail size-thumbnail\" alt=\"\" srcset=\"https:\/\/www.tolosaldeaikt.eus\/wp-content\/uploads\/2019\/05\/IMG-20190506-WA0007-1-150x150.jpg 150w, https:\/\/www.tolosaldeaikt.eus\/wp-content\/uploads\/2019\/05\/IMG-20190506-WA0007-1-85x85.jpg 85w, https:\/\/www.tolosaldeaikt.eus\/wp-content\/uploads\/2019\/05\/IMG-20190506-WA0007-1-80x80.jpg 80w\" sizes=\"(max-width: 150px) 100vw, 150px\" \/><\/a>\n\t\t\t\t<\/dt><\/dl><dl class='gallery-item'>\n\t\t\t\t<dt class='gallery-icon landscape'>\n\t\t\t\t\t<a data-rel=\"prettyPhoto[sliders]\" href='https:\/\/www.tolosaldeaikt.eus\/es\/udaberri-zirkuituan-san-juan-saria-eta-ordizia-saria\/img-20190506-wa0008-2-2\/'><img loading=\"lazy\" decoding=\"async\" width=\"150\" height=\"150\" src=\"https:\/\/www.tolosaldeaikt.eus\/wp-content\/uploads\/2019\/05\/IMG-20190506-WA0008-1-150x150.jpg\" class=\"attachment-thumbnail size-thumbnail\" alt=\"\" srcset=\"https:\/\/www.tolosaldeaikt.eus\/wp-content\/uploads\/2019\/05\/IMG-20190506-WA0008-1-150x150.jpg 150w, https:\/\/www.tolosaldeaikt.eus\/wp-content\/uploads\/2019\/05\/IMG-20190506-WA0008-1-85x85.jpg 85w, https:\/\/www.tolosaldeaikt.eus\/wp-content\/uploads\/2019\/05\/IMG-20190506-WA0008-1-80x80.jpg 80w\" sizes=\"(max-width: 150px) 100vw, 150px\" \/><\/a>\n\t\t\t\t<\/dt><\/dl><br style=\"clear: both\" \/><dl class='gallery-item'>\n\t\t\t\t<dt class='gallery-icon landscape'>\n\t\t\t\t\t<a data-rel=\"prettyPhoto[sliders]\" href='https:\/\/www.tolosaldeaikt.eus\/es\/udaberri-zirkuituan-san-juan-saria-eta-ordizia-saria\/img-20190506-wa0009-2-2\/'><img loading=\"lazy\" decoding=\"async\" width=\"150\" height=\"150\" src=\"https:\/\/www.tolosaldeaikt.eus\/wp-content\/uploads\/2019\/05\/IMG-20190506-WA0009-1-150x150.jpg\" class=\"attachment-thumbnail size-thumbnail\" alt=\"\" srcset=\"https:\/\/www.tolosaldeaikt.eus\/wp-content\/uploads\/2019\/05\/IMG-20190506-WA0009-1-150x150.jpg 150w, https:\/\/www.tolosaldeaikt.eus\/wp-content\/uploads\/2019\/05\/IMG-20190506-WA0009-1-85x85.jpg 85w, https:\/\/www.tolosaldeaikt.eus\/wp-content\/uploads\/2019\/05\/IMG-20190506-WA0009-1-80x80.jpg 80w\" sizes=\"(max-width: 150px) 100vw, 150px\" \/><\/a>\n\t\t\t\t<\/dt><\/dl><dl class='gallery-item'>\n\t\t\t\t<dt class='gallery-icon landscape'>\n\t\t\t\t\t<a data-rel=\"prettyPhoto[sliders]\" href='https:\/\/www.tolosaldeaikt.eus\/es\/udaberri-zirkuituan-san-juan-saria-eta-ordizia-saria\/img-20190506-wa0010-2-2\/'><img loading=\"lazy\" decoding=\"async\" width=\"150\" height=\"150\" src=\"https:\/\/www.tolosaldeaikt.eus\/wp-content\/uploads\/2019\/05\/IMG-20190506-WA0010-1-150x150.jpg\" class=\"attachment-thumbnail size-thumbnail\" alt=\"\" srcset=\"https:\/\/www.tolosaldeaikt.eus\/wp-content\/uploads\/2019\/05\/IMG-20190506-WA0010-1-150x150.jpg 150w, https:\/\/www.tolosaldeaikt.eus\/wp-content\/uploads\/2019\/05\/IMG-20190506-WA0010-1-85x85.jpg 85w, https:\/\/www.tolosaldeaikt.eus\/wp-content\/uploads\/2019\/05\/IMG-20190506-WA0010-1-80x80.jpg 80w\" sizes=\"(max-width: 150px) 100vw, 150px\" \/><\/a>\n\t\t\t\t<\/dt><\/dl><dl class='gallery-item'>\n\t\t\t\t<dt class='gallery-icon landscape'>\n\t\t\t\t\t<a data-rel=\"prettyPhoto[sliders]\" href='https:\/\/www.tolosaldeaikt.eus\/es\/udaberri-zirkuituan-san-juan-saria-eta-ordizia-saria\/img-20190506-wa0011-2-2\/'><img loading=\"lazy\" decoding=\"async\" width=\"150\" height=\"150\" src=\"https:\/\/www.tolosaldeaikt.eus\/wp-content\/uploads\/2019\/05\/IMG-20190506-WA0011-1-150x150.jpg\" class=\"attachment-thumbnail size-thumbnail\" alt=\"\" srcset=\"https:\/\/www.tolosaldeaikt.eus\/wp-content\/uploads\/2019\/05\/IMG-20190506-WA0011-1-150x150.jpg 150w, https:\/\/www.tolosaldeaikt.eus\/wp-content\/uploads\/2019\/05\/IMG-20190506-WA0011-1-85x85.jpg 85w, https:\/\/www.tolosaldeaikt.eus\/wp-content\/uploads\/2019\/05\/IMG-20190506-WA0011-1-80x80.jpg 80w\" sizes=\"(max-width: 150px) 100vw, 150px\" \/><\/a>\n\t\t\t\t<\/dt><\/dl><br style=\"clear: both\" \/><dl class='gallery-item'>\n\t\t\t\t<dt class='gallery-icon landscape'>\n\t\t\t\t\t<a data-rel=\"prettyPhoto[sliders]\" href='https:\/\/www.tolosaldeaikt.eus\/es\/udaberri-zirkuituan-san-juan-saria-eta-ordizia-saria\/img-20190506-wa0012-2-2\/'><img loading=\"lazy\" decoding=\"async\" width=\"150\" height=\"150\" src=\"https:\/\/www.tolosaldeaikt.eus\/wp-content\/uploads\/2019\/05\/IMG-20190506-WA0012-1-150x150.jpg\" class=\"attachment-thumbnail size-thumbnail\" alt=\"\" srcset=\"https:\/\/www.tolosaldeaikt.eus\/wp-content\/uploads\/2019\/05\/IMG-20190506-WA0012-1-150x150.jpg 150w, https:\/\/www.tolosaldeaikt.eus\/wp-content\/uploads\/2019\/05\/IMG-20190506-WA0012-1-85x85.jpg 85w, https:\/\/www.tolosaldeaikt.eus\/wp-content\/uploads\/2019\/05\/IMG-20190506-WA0012-1-80x80.jpg 80w\" sizes=\"(max-width: 150px) 100vw, 150px\" \/><\/a>\n\t\t\t\t<\/dt><\/dl><dl class='gallery-item'>\n\t\t\t\t<dt class='gallery-icon landscape'>\n\t\t\t\t\t<a data-rel=\"prettyPhoto[sliders]\" href='https:\/\/www.tolosaldeaikt.eus\/es\/udaberri-zirkuituan-san-juan-saria-eta-ordizia-saria\/img-20190506-wa0013-2-2\/'><img loading=\"lazy\" decoding=\"async\" width=\"150\" height=\"150\" src=\"https:\/\/www.tolosaldeaikt.eus\/wp-content\/uploads\/2019\/05\/IMG-20190506-WA0013-1-150x150.jpg\" class=\"attachment-thumbnail size-thumbnail\" alt=\"\" srcset=\"https:\/\/www.tolosaldeaikt.eus\/wp-content\/uploads\/2019\/05\/IMG-20190506-WA0013-1-150x150.jpg 150w, https:\/\/www.tolosaldeaikt.eus\/wp-content\/uploads\/2019\/05\/IMG-20190506-WA0013-1-85x85.jpg 85w, https:\/\/www.tolosaldeaikt.eus\/wp-content\/uploads\/2019\/05\/IMG-20190506-WA0013-1-80x80.jpg 80w\" sizes=\"(max-width: 150px) 100vw, 150px\" \/><\/a>\n\t\t\t\t<\/dt><\/dl>\n\t\t\t\t<br style='clear: both' \/>\n\t\t\t<\/div>\n\n","protected":false},"excerpt":{"rendered":"<p>El s\u00e1bado se celebr\u00f3 en la piscina Usabal de Tolosa el Trofeo San Juan mas tempranero de la historia. Con intenci\u00f3n de adecuarnos al calendario y<span class=\"excerpt-hellip\"> [\u2026]<\/span><\/p>\n","protected":false},"author":2,"featured_media":4813,"comment_status":"closed","ping_status":"closed","sticky":false,"template":"","format":"standard","meta":{"_exactmetrics_skip_tracking":false,"_exactmetrics_sitenote_active":false,"_exactmetrics_sitenote_note":"","_exactmetrics_sitenote_category":0,"footnotes":""},"categories":[32],"tags":[],"yoast_head":"<!-- This site is optimized with the Yoast SEO plugin v22.5 - https:\/\/yoast.com\/wordpress\/plugins\/seo\/ -->\n<title>TROFEO SAN JUAN Y TROFEO ORDIZIA DEL CIRCUITO DE PRIMAVERA - Tolosaldea IKT - Igeriketa Kirol Taldea<\/title>\n<meta name=\"robots\" content=\"index, follow, max-snippet:-1, max-image-preview:large, max-video-preview:-1\" \/>\n<link rel=\"canonical\" href=\"https:\/\/www.tolosaldeaikt.eus\/es\/udaberri-zirkuituan-san-juan-saria-eta-ordizia-saria\/\" \/>\n<meta property=\"og:locale\" content=\"es_ES\" \/>\n<meta property=\"og:type\" content=\"article\" \/>\n<meta property=\"og:title\" content=\"TROFEO SAN JUAN Y TROFEO ORDIZIA DEL CIRCUITO DE PRIMAVERA - Tolosaldea IKT - Igeriketa Kirol Taldea\" \/>\n<meta property=\"og:description\" content=\"El s\u00e1bado se celebr\u00f3 en la piscina Usabal de Tolosa el Trofeo San Juan mas tempranero de la historia. Con intenci\u00f3n de adecuarnos al calendario y [\u2026]\" \/>\n<meta property=\"og:url\" content=\"https:\/\/www.tolosaldeaikt.eus\/es\/udaberri-zirkuituan-san-juan-saria-eta-ordizia-saria\/\" \/>\n<meta property=\"og:site_name\" content=\"Tolosaldea IKT - Igeriketa Kirol Taldea\" \/>\n<meta property=\"article:publisher\" content=\"https:\/\/www.facebook.com\/tolosaldea.ikt\" \/>\n<meta property=\"article:published_time\" content=\"2019-05-07T08:01:28+00:00\" \/>\n<meta property=\"article:modified_time\" content=\"2019-05-07T11:48:24+00:00\" \/>\n<meta property=\"og:image\" content=\"https:\/\/www.tolosaldeaikt.eus\/wp-content\/uploads\/2019\/05\/IMG-20190506-WA0006-1.jpg\" \/>\n\t<meta property=\"og:image:width\" content=\"1600\" \/>\n\t<meta property=\"og:image:height\" content=\"1200\" \/>\n\t<meta property=\"og:image:type\" content=\"image\/jpeg\" \/>\n<meta name=\"author\" content=\"Nerea Pagola\" \/>\n<meta name=\"twitter:card\" content=\"summary_large_image\" \/>\n<meta name=\"twitter:creator\" content=\"@Tolosaldeaikt\" \/>\n<meta name=\"twitter:site\" content=\"@Tolosaldeaikt\" \/>\n<meta name=\"twitter:label1\" content=\"Escrito por\" \/>\n\t<meta name=\"twitter:data1\" content=\"Nerea Pagola\" \/>\n\t<meta name=\"twitter:label2\" content=\"Tiempo de lectura\" \/>\n\t<meta name=\"twitter:data2\" content=\"2 minutos\" \/>\n<!-- \/ Yoast SEO plugin. -->","yoast_head_json":{"title":"TROFEO SAN JUAN Y TROFEO ORDIZIA DEL CIRCUITO DE PRIMAVERA - Tolosaldea IKT - Igeriketa Kirol Taldea","robots":{"index":"index","follow":"follow","max-snippet":"max-snippet:-1","max-image-preview":"max-image-preview:large","max-video-preview":"max-video-preview:-1"},"canonical":"https:\/\/www.tolosaldeaikt.eus\/es\/udaberri-zirkuituan-san-juan-saria-eta-ordizia-saria\/","og_locale":"es_ES","og_type":"article","og_title":"TROFEO SAN JUAN Y TROFEO ORDIZIA DEL CIRCUITO DE PRIMAVERA - Tolosaldea IKT - Igeriketa Kirol Taldea","og_description":"El s\u00e1bado se celebr\u00f3 en la piscina Usabal de Tolosa el Trofeo San Juan mas tempranero de la historia. Con intenci\u00f3n de adecuarnos al calendario y [\u2026]","og_url":"https:\/\/www.tolosaldeaikt.eus\/es\/udaberri-zirkuituan-san-juan-saria-eta-ordizia-saria\/","og_site_name":"Tolosaldea IKT - Igeriketa Kirol Taldea","article_publisher":"https:\/\/www.facebook.com\/tolosaldea.ikt","article_published_time":"2019-05-07T08:01:28+00:00","article_modified_time":"2019-05-07T11:48:24+00:00","og_image":[{"width":1600,"height":1200,"url":"https:\/\/www.tolosaldeaikt.eus\/wp-content\/uploads\/2019\/05\/IMG-20190506-WA0006-1.jpg","type":"image\/jpeg"}],"author":"Nerea Pagola","twitter_card":"summary_large_image","twitter_creator":"@Tolosaldeaikt","twitter_site":"@Tolosaldeaikt","twitter_misc":{"Escrito por":"Nerea Pagola","Tiempo de lectura":"2 minutos"},"schema":{"@context":"https:\/\/schema.org","@graph":[{"@type":"Article","@id":"https:\/\/www.tolosaldeaikt.eus\/es\/udaberri-zirkuituan-san-juan-saria-eta-ordizia-saria\/#article","isPartOf":{"@id":"https:\/\/www.tolosaldeaikt.eus\/es\/udaberri-zirkuituan-san-juan-saria-eta-ordizia-saria\/"},"author":{"name":"Nerea Pagola","@id":"https:\/\/www.tolosaldeaikt.eus\/es\/#\/schema\/person\/903db2dffa70fa5ae2f6e7675dd146b0"},"headline":"TROFEO SAN JUAN Y TROFEO ORDIZIA DEL CIRCUITO DE PRIMAVERA","datePublished":"2019-05-07T08:01:28+00:00","dateModified":"2019-05-07T11:48:24+00:00","mainEntityOfPage":{"@id":"https:\/\/www.tolosaldeaikt.eus\/es\/udaberri-zirkuituan-san-juan-saria-eta-ordizia-saria\/"},"wordCount":386,"publisher":{"@id":"https:\/\/www.tolosaldeaikt.eus\/es\/#organization"},"image":{"@id":"https:\/\/www.tolosaldeaikt.eus\/es\/udaberri-zirkuituan-san-juan-saria-eta-ordizia-saria\/#primaryimage"},"thumbnailUrl":"https:\/\/www.tolosaldeaikt.eus\/wp-content\/uploads\/2019\/05\/IMG-20190506-WA0006-1.jpg","articleSection":["Club de nataci\u00f3n"],"inLanguage":"es"},{"@type":"WebPage","@id":"https:\/\/www.tolosaldeaikt.eus\/es\/udaberri-zirkuituan-san-juan-saria-eta-ordizia-saria\/","url":"https:\/\/www.tolosaldeaikt.eus\/es\/udaberri-zirkuituan-san-juan-saria-eta-ordizia-saria\/","name":"TROFEO SAN JUAN Y TROFEO ORDIZIA DEL CIRCUITO DE PRIMAVERA - Tolosaldea IKT - Igeriketa Kirol Taldea","isPartOf":{"@id":"https:\/\/www.tolosaldeaikt.eus\/es\/#website"},"primaryImageOfPage":{"@id":"https:\/\/www.tolosaldeaikt.eus\/es\/udaberri-zirkuituan-san-juan-saria-eta-ordizia-saria\/#primaryimage"},"image":{"@id":"https:\/\/www.tolosaldeaikt.eus\/es\/udaberri-zirkuituan-san-juan-saria-eta-ordizia-saria\/#primaryimage"},"thumbnailUrl":"https:\/\/www.tolosaldeaikt.eus\/wp-content\/uploads\/2019\/05\/IMG-20190506-WA0006-1.jpg","datePublished":"2019-05-07T08:01:28+00:00","dateModified":"2019-05-07T11:48:24+00:00","breadcrumb":{"@id":"https:\/\/www.tolosaldeaikt.eus\/es\/udaberri-zirkuituan-san-juan-saria-eta-ordizia-saria\/#breadcrumb"},"inLanguage":"es","potentialAction":[{"@type":"ReadAction","target":["https:\/\/www.tolosaldeaikt.eus\/es\/udaberri-zirkuituan-san-juan-saria-eta-ordizia-saria\/"]}]},{"@type":"ImageObject","inLanguage":"es","@id":"https:\/\/www.tolosaldeaikt.eus\/es\/udaberri-zirkuituan-san-juan-saria-eta-ordizia-saria\/#primaryimage","url":"https:\/\/www.tolosaldeaikt.eus\/wp-content\/uploads\/2019\/05\/IMG-20190506-WA0006-1.jpg","contentUrl":"https:\/\/www.tolosaldeaikt.eus\/wp-content\/uploads\/2019\/05\/IMG-20190506-WA0006-1.jpg","width":1600,"height":1200},{"@type":"BreadcrumbList","@id":"https:\/\/www.tolosaldeaikt.eus\/es\/udaberri-zirkuituan-san-juan-saria-eta-ordizia-saria\/#breadcrumb","itemListElement":[{"@type":"ListItem","position":1,"name":"Home","item":"https:\/\/www.tolosaldeaikt.eus\/es\/"},{"@type":"ListItem","position":2,"name":"TROFEO SAN JUAN Y TROFEO ORDIZIA DEL CIRCUITO DE PRIMAVERA"}]},{"@type":"WebSite","@id":"https:\/\/www.tolosaldeaikt.eus\/es\/#website","url":"https:\/\/www.tolosaldeaikt.eus\/es\/","name":"Tolosaldea IKT - Igeriketa Kirol Taldea","description":"Web de Tolosaldea Igeriketa Kirol Taldea. Informaci\u00f3n, noticias, competiciones, resultados, m\u00ednimas, series, y mucho en un click","publisher":{"@id":"https:\/\/www.tolosaldeaikt.eus\/es\/#organization"},"potentialAction":[{"@type":"SearchAction","target":{"@type":"EntryPoint","urlTemplate":"https:\/\/www.tolosaldeaikt.eus\/es\/?s={search_term_string}"},"query-input":"required name=search_term_string"}],"inLanguage":"es"},{"@type":"Organization","@id":"https:\/\/www.tolosaldeaikt.eus\/es\/#organization","name":"Tolosaldea IKT - Igeriketa Kirol Taldea","url":"https:\/\/www.tolosaldeaikt.eus\/es\/","logo":{"@type":"ImageObject","inLanguage":"es","@id":"https:\/\/www.tolosaldeaikt.eus\/es\/#\/schema\/logo\/image\/","url":"https:\/\/www.tolosaldeaikt.eus\/wp-content\/uploads\/2018\/12\/aurkezpena.jpg","contentUrl":"https:\/\/www.tolosaldeaikt.eus\/wp-content\/uploads\/2018\/12\/aurkezpena.jpg","width":1400,"height":800,"caption":"Tolosaldea IKT - Igeriketa Kirol Taldea"},"image":{"@id":"https:\/\/www.tolosaldeaikt.eus\/es\/#\/schema\/logo\/image\/"},"sameAs":["https:\/\/www.facebook.com\/tolosaldea.ikt","https:\/\/x.com\/Tolosaldeaikt"]},{"@type":"Person","@id":"https:\/\/www.tolosaldeaikt.eus\/es\/#\/schema\/person\/903db2dffa70fa5ae2f6e7675dd146b0","name":"Nerea Pagola","image":{"@type":"ImageObject","inLanguage":"es","@id":"https:\/\/www.tolosaldeaikt.eus\/es\/#\/schema\/person\/image\/","url":"https:\/\/secure.gravatar.com\/avatar\/0614cb8e226823a51327bf0e4c8a92b3","contentUrl":"https:\/\/secure.gravatar.com\/avatar\/0614cb8e226823a51327bf0e4c8a92b3","caption":"Nerea Pagola"}}]}},"_links":{"self":[{"href":"https:\/\/www.tolosaldeaikt.eus\/es\/wp-json\/wp\/v2\/posts\/4830"}],"collection":[{"href":"https:\/\/www.tolosaldeaikt.eus\/es\/wp-json\/wp\/v2\/posts"}],"about":[{"href":"https:\/\/www.tolosaldeaikt.eus\/es\/wp-json\/wp\/v2\/types\/post"}],"author":[{"embeddable":true,"href":"https:\/\/www.tolosaldeaikt.eus\/es\/wp-json\/wp\/v2\/users\/2"}],"replies":[{"embeddable":true,"href":"https:\/\/www.tolosaldeaikt.eus\/es\/wp-json\/wp\/v2\/comments?post=4830"}],"version-history":[{"count":2,"href":"https:\/\/www.tolosaldeaikt.eus\/es\/wp-json\/wp\/v2\/posts\/4830\/revisions"}],"predecessor-version":[{"id":4832,"href":"https:\/\/www.tolosaldeaikt.eus\/es\/wp-json\/wp\/v2\/posts\/4830\/revisions\/4832"}],"wp:featuredmedia":[{"embeddable":true,"href":"https:\/\/www.tolosaldeaikt.eus\/es\/wp-json\/wp\/v2\/media\/4813"}],"wp:attachment":[{"href":"https:\/\/www.tolosaldeaikt.eus\/es\/wp-json\/wp\/v2\/media?parent=4830"}],"wp:term":[{"taxonomy":"category","embeddable":true,"href":"https:\/\/www.tolosaldeaikt.eus\/es\/wp-json\/wp\/v2\/categories?post=4830"},{"taxonomy":"post_tag","embeddable":true,"href":"https:\/\/www.tolosaldeaikt.eus\/es\/wp-json\/wp\/v2\/tags?post=4830"}],"curies":[{"name":"wp","href":"https:\/\/api.w.org\/{rel}","templated":true}]}}