{"id":4668,"date":"2019-04-11T09:50:28","date_gmt":"2019-04-11T07:50:28","guid":{"rendered":"https:\/\/www.tolosaldeaikt.eus\/?p=4668"},"modified":"2019-04-11T09:50:28","modified_gmt":"2019-04-11T07:50:28","slug":"4a-liga-led-y-6a-jornada-de-liga-alevin-en-andoain","status":"publish","type":"post","link":"https:\/\/www.tolosaldeaikt.eus\/es\/4a-liga-led-y-6a-jornada-de-liga-alevin-en-andoain\/","title":{"rendered":"4\u00aa liga LED Y 6\u00aa JORNADA DE LIGA ALEVIN EN ANDOAIN"},"content":{"rendered":"<p>Ela sabdo 6 de Abril nuestros j\u00f3venes nadadores participaron en la jornada de liga que se celebr\u00f3 en Andoain.<\/p>\n<p>Una vez m\u00e1s los peques nadaron de manera muy elegante y superaron el reto con nota.<\/p>\n<p>Los m\u00e1s j\u00f3venes nos ense\u00f1aron lo bien que est\u00e1n aprendiendo los estilos braza y mariposa y los mayores se enfrentaron al 200 braza y mariposa y 800 libre con gran madurez.<\/p>\n<p>Una vez m\u00e1s buen ambiente en la grada y mejor en la piscina con una actitud ejemplar de los chavales. Con esta nos queda solo una jornada de liga y comenzar\u00e1 la fase de campeonatos y trofeos. Despu\u00e9s de semana santa volveremos a encontrarnos con ganas de afrontar nuevos retos.<\/p>\n<p>&nbsp;<\/p>\n\n\t\t\t<style type='text\/css'>\n\t\t\t\t#gallery-1 {\n\t\t\t\t\tmargin: auto;\n\t\t\t\t}\n\t\t\t\t#gallery-1 .gallery-item {\n\t\t\t\t\tfloat: left;\n\t\t\t\t\tmargin-top: 10px;\n\t\t\t\t\ttext-align: center;\n\t\t\t\t\twidth: 24.99%;\n\t\t\t\t}\n\t\t\t\t#gallery-1 img {\n\t\t\t\t\tborder: 2px solid #cfcfcf;\n\t\t\t\t}\n\t\t\t\t#gallery-1 .gallery-caption {\n\t\t\t\t\tmargin-left: 0;\n\t\t\t\t}\n\t\t\t\t\/* see gallery_shortcode() in wp-includes\/media.php *\/\n\t\t\t<\/style>\n\t\t<div id='gallery-1' class='gallery galleryid-4668 gallery-columns-4 gallery-size-thumbnail '><dl class='gallery-item'>\n\t\t\t\t<dt class='gallery-icon landscape'>\n\t\t\t\t\t<a data-rel=\"prettyPhoto[sliders]\" href='https:\/\/www.tolosaldeaikt.eus\/es\/img-20190406-wa0012-2\/'><img loading=\"lazy\" decoding=\"async\" width=\"150\" height=\"150\" src=\"https:\/\/www.tolosaldeaikt.eus\/wp-content\/uploads\/2019\/04\/IMG-20190406-WA0012-150x150.jpg\" class=\"attachment-thumbnail size-thumbnail\" alt=\"\" srcset=\"https:\/\/www.tolosaldeaikt.eus\/wp-content\/uploads\/2019\/04\/IMG-20190406-WA0012-150x150.jpg 150w, https:\/\/www.tolosaldeaikt.eus\/wp-content\/uploads\/2019\/04\/IMG-20190406-WA0012-85x85.jpg 85w, https:\/\/www.tolosaldeaikt.eus\/wp-content\/uploads\/2019\/04\/IMG-20190406-WA0012-80x80.jpg 80w\" sizes=\"(max-width: 150px) 100vw, 150px\" \/><\/a>\n\t\t\t\t<\/dt><\/dl><dl class='gallery-item'>\n\t\t\t\t<dt class='gallery-icon landscape'>\n\t\t\t\t\t<a data-rel=\"prettyPhoto[sliders]\" href='https:\/\/www.tolosaldeaikt.eus\/es\/img-20190406-wa0011-2\/'><img loading=\"lazy\" decoding=\"async\" width=\"150\" height=\"150\" src=\"https:\/\/www.tolosaldeaikt.eus\/wp-content\/uploads\/2019\/04\/IMG-20190406-WA0011-150x150.jpg\" class=\"attachment-thumbnail size-thumbnail\" alt=\"\" srcset=\"https:\/\/www.tolosaldeaikt.eus\/wp-content\/uploads\/2019\/04\/IMG-20190406-WA0011-150x150.jpg 150w, https:\/\/www.tolosaldeaikt.eus\/wp-content\/uploads\/2019\/04\/IMG-20190406-WA0011-85x85.jpg 85w, https:\/\/www.tolosaldeaikt.eus\/wp-content\/uploads\/2019\/04\/IMG-20190406-WA0011-80x80.jpg 80w\" sizes=\"(max-width: 150px) 100vw, 150px\" \/><\/a>\n\t\t\t\t<\/dt><\/dl><dl class='gallery-item'>\n\t\t\t\t<dt class='gallery-icon landscape'>\n\t\t\t\t\t<a data-rel=\"prettyPhoto[sliders]\" href='https:\/\/www.tolosaldeaikt.eus\/es\/img-20190406-wa0010-2\/'><img loading=\"lazy\" decoding=\"async\" width=\"150\" height=\"150\" src=\"https:\/\/www.tolosaldeaikt.eus\/wp-content\/uploads\/2019\/04\/IMG-20190406-WA0010-150x150.jpg\" class=\"attachment-thumbnail size-thumbnail\" alt=\"\" srcset=\"https:\/\/www.tolosaldeaikt.eus\/wp-content\/uploads\/2019\/04\/IMG-20190406-WA0010-150x150.jpg 150w, https:\/\/www.tolosaldeaikt.eus\/wp-content\/uploads\/2019\/04\/IMG-20190406-WA0010-85x85.jpg 85w, https:\/\/www.tolosaldeaikt.eus\/wp-content\/uploads\/2019\/04\/IMG-20190406-WA0010-80x80.jpg 80w\" sizes=\"(max-width: 150px) 100vw, 150px\" \/><\/a>\n\t\t\t\t<\/dt><\/dl><dl class='gallery-item'>\n\t\t\t\t<dt class='gallery-icon landscape'>\n\t\t\t\t\t<a data-rel=\"prettyPhoto[sliders]\" href='https:\/\/www.tolosaldeaikt.eus\/es\/img-20190406-wa0007-2\/'><img loading=\"lazy\" decoding=\"async\" width=\"150\" height=\"150\" src=\"https:\/\/www.tolosaldeaikt.eus\/wp-content\/uploads\/2019\/04\/IMG-20190406-WA0007-150x150.jpg\" class=\"attachment-thumbnail size-thumbnail\" alt=\"\" srcset=\"https:\/\/www.tolosaldeaikt.eus\/wp-content\/uploads\/2019\/04\/IMG-20190406-WA0007-150x150.jpg 150w, https:\/\/www.tolosaldeaikt.eus\/wp-content\/uploads\/2019\/04\/IMG-20190406-WA0007-85x85.jpg 85w, https:\/\/www.tolosaldeaikt.eus\/wp-content\/uploads\/2019\/04\/IMG-20190406-WA0007-80x80.jpg 80w\" sizes=\"(max-width: 150px) 100vw, 150px\" \/><\/a>\n\t\t\t\t<\/dt><\/dl><br style=\"clear: both\" \/><dl class='gallery-item'>\n\t\t\t\t<dt class='gallery-icon landscape'>\n\t\t\t\t\t<a data-rel=\"prettyPhoto[sliders]\" href='https:\/\/www.tolosaldeaikt.eus\/es\/img-20190406-wa0006-2\/'><img loading=\"lazy\" decoding=\"async\" width=\"150\" height=\"150\" src=\"https:\/\/www.tolosaldeaikt.eus\/wp-content\/uploads\/2019\/04\/IMG-20190406-WA0006-150x150.jpg\" class=\"attachment-thumbnail size-thumbnail\" alt=\"\" srcset=\"https:\/\/www.tolosaldeaikt.eus\/wp-content\/uploads\/2019\/04\/IMG-20190406-WA0006-150x150.jpg 150w, https:\/\/www.tolosaldeaikt.eus\/wp-content\/uploads\/2019\/04\/IMG-20190406-WA0006-85x85.jpg 85w, https:\/\/www.tolosaldeaikt.eus\/wp-content\/uploads\/2019\/04\/IMG-20190406-WA0006-80x80.jpg 80w\" sizes=\"(max-width: 150px) 100vw, 150px\" \/><\/a>\n\t\t\t\t<\/dt><\/dl><dl class='gallery-item'>\n\t\t\t\t<dt class='gallery-icon landscape'>\n\t\t\t\t\t<a data-rel=\"prettyPhoto[sliders]\" href='https:\/\/www.tolosaldeaikt.eus\/es\/img-20190406-wa0005-2\/'><img loading=\"lazy\" decoding=\"async\" width=\"150\" height=\"150\" src=\"https:\/\/www.tolosaldeaikt.eus\/wp-content\/uploads\/2019\/04\/IMG-20190406-WA0005-150x150.jpg\" class=\"attachment-thumbnail size-thumbnail\" alt=\"\" srcset=\"https:\/\/www.tolosaldeaikt.eus\/wp-content\/uploads\/2019\/04\/IMG-20190406-WA0005-150x150.jpg 150w, https:\/\/www.tolosaldeaikt.eus\/wp-content\/uploads\/2019\/04\/IMG-20190406-WA0005-85x85.jpg 85w, https:\/\/www.tolosaldeaikt.eus\/wp-content\/uploads\/2019\/04\/IMG-20190406-WA0005-80x80.jpg 80w\" sizes=\"(max-width: 150px) 100vw, 150px\" \/><\/a>\n\t\t\t\t<\/dt><\/dl><dl class='gallery-item'>\n\t\t\t\t<dt class='gallery-icon landscape'>\n\t\t\t\t\t<a data-rel=\"prettyPhoto[sliders]\" href='https:\/\/www.tolosaldeaikt.eus\/es\/img-20190406-wa0004-2\/'><img loading=\"lazy\" decoding=\"async\" width=\"150\" height=\"150\" src=\"https:\/\/www.tolosaldeaikt.eus\/wp-content\/uploads\/2019\/04\/IMG-20190406-WA0004-150x150.jpg\" class=\"attachment-thumbnail size-thumbnail\" alt=\"\" srcset=\"https:\/\/www.tolosaldeaikt.eus\/wp-content\/uploads\/2019\/04\/IMG-20190406-WA0004-150x150.jpg 150w, https:\/\/www.tolosaldeaikt.eus\/wp-content\/uploads\/2019\/04\/IMG-20190406-WA0004-85x85.jpg 85w, https:\/\/www.tolosaldeaikt.eus\/wp-content\/uploads\/2019\/04\/IMG-20190406-WA0004-80x80.jpg 80w\" sizes=\"(max-width: 150px) 100vw, 150px\" \/><\/a>\n\t\t\t\t<\/dt><\/dl><dl class='gallery-item'>\n\t\t\t\t<dt class='gallery-icon landscape'>\n\t\t\t\t\t<a data-rel=\"prettyPhoto[sliders]\" href='https:\/\/www.tolosaldeaikt.eus\/es\/img-20190406-wa0003-2\/'><img loading=\"lazy\" decoding=\"async\" width=\"150\" height=\"150\" src=\"https:\/\/www.tolosaldeaikt.eus\/wp-content\/uploads\/2019\/04\/IMG-20190406-WA0003-150x150.jpg\" class=\"attachment-thumbnail size-thumbnail\" alt=\"\" srcset=\"https:\/\/www.tolosaldeaikt.eus\/wp-content\/uploads\/2019\/04\/IMG-20190406-WA0003-150x150.jpg 150w, https:\/\/www.tolosaldeaikt.eus\/wp-content\/uploads\/2019\/04\/IMG-20190406-WA0003-85x85.jpg 85w, https:\/\/www.tolosaldeaikt.eus\/wp-content\/uploads\/2019\/04\/IMG-20190406-WA0003-80x80.jpg 80w\" sizes=\"(max-width: 150px) 100vw, 150px\" \/><\/a>\n\t\t\t\t<\/dt><\/dl><br style=\"clear: both\" \/><dl class='gallery-item'>\n\t\t\t\t<dt class='gallery-icon landscape'>\n\t\t\t\t\t<a data-rel=\"prettyPhoto[sliders]\" href='https:\/\/www.tolosaldeaikt.eus\/es\/img-20190406-wa0001-2\/'><img loading=\"lazy\" decoding=\"async\" width=\"150\" height=\"150\" src=\"https:\/\/www.tolosaldeaikt.eus\/wp-content\/uploads\/2019\/04\/IMG-20190406-WA0001-150x150.jpg\" class=\"attachment-thumbnail size-thumbnail\" alt=\"\" srcset=\"https:\/\/www.tolosaldeaikt.eus\/wp-content\/uploads\/2019\/04\/IMG-20190406-WA0001-150x150.jpg 150w, https:\/\/www.tolosaldeaikt.eus\/wp-content\/uploads\/2019\/04\/IMG-20190406-WA0001-85x85.jpg 85w, https:\/\/www.tolosaldeaikt.eus\/wp-content\/uploads\/2019\/04\/IMG-20190406-WA0001-80x80.jpg 80w\" sizes=\"(max-width: 150px) 100vw, 150px\" \/><\/a>\n\t\t\t\t<\/dt><\/dl><dl class='gallery-item'>\n\t\t\t\t<dt class='gallery-icon landscape'>\n\t\t\t\t\t<a data-rel=\"prettyPhoto[sliders]\" href='https:\/\/www.tolosaldeaikt.eus\/es\/img_20190406_152240-2\/'><img loading=\"lazy\" decoding=\"async\" width=\"150\" height=\"150\" src=\"https:\/\/www.tolosaldeaikt.eus\/wp-content\/uploads\/2019\/04\/IMG_20190406_152240-150x150.jpg\" class=\"attachment-thumbnail size-thumbnail\" alt=\"\" srcset=\"https:\/\/www.tolosaldeaikt.eus\/wp-content\/uploads\/2019\/04\/IMG_20190406_152240-150x150.jpg 150w, https:\/\/www.tolosaldeaikt.eus\/wp-content\/uploads\/2019\/04\/IMG_20190406_152240-85x85.jpg 85w, https:\/\/www.tolosaldeaikt.eus\/wp-content\/uploads\/2019\/04\/IMG_20190406_152240-80x80.jpg 80w\" sizes=\"(max-width: 150px) 100vw, 150px\" \/><\/a>\n\t\t\t\t<\/dt><\/dl><dl class='gallery-item'>\n\t\t\t\t<dt class='gallery-icon landscape'>\n\t\t\t\t\t<a data-rel=\"prettyPhoto[sliders]\" href='https:\/\/www.tolosaldeaikt.eus\/es\/img_20190406_152214-2\/'><img loading=\"lazy\" decoding=\"async\" width=\"150\" height=\"150\" src=\"https:\/\/www.tolosaldeaikt.eus\/wp-content\/uploads\/2019\/04\/IMG_20190406_152214-150x150.jpg\" class=\"attachment-thumbnail size-thumbnail\" alt=\"\" srcset=\"https:\/\/www.tolosaldeaikt.eus\/wp-content\/uploads\/2019\/04\/IMG_20190406_152214-150x150.jpg 150w, https:\/\/www.tolosaldeaikt.eus\/wp-content\/uploads\/2019\/04\/IMG_20190406_152214-85x85.jpg 85w, https:\/\/www.tolosaldeaikt.eus\/wp-content\/uploads\/2019\/04\/IMG_20190406_152214-80x80.jpg 80w\" sizes=\"(max-width: 150px) 100vw, 150px\" \/><\/a>\n\t\t\t\t<\/dt><\/dl>\n\t\t\t\t<br style='clear: both' \/>\n\t\t\t<\/div>\n\n<p>Zorionak guztioi!<\/p>\n","protected":false},"excerpt":{"rendered":"<p>Ela sabdo 6 de Abril nuestros j\u00f3venes nadadores participaron en la jornada de liga que se celebr\u00f3 en Andoain. Una vez m\u00e1s los peques nadaron de<span class=\"excerpt-hellip\"> [\u2026]<\/span><\/p>\n","protected":false},"author":2,"featured_media":4661,"comment_status":"closed","ping_status":"closed","sticky":false,"template":"","format":"standard","meta":{"_exactmetrics_skip_tracking":false,"_exactmetrics_sitenote_active":false,"_exactmetrics_sitenote_note":"","_exactmetrics_sitenote_category":0,"footnotes":""},"categories":[31],"tags":[],"yoast_head":"<!-- This site is optimized with the Yoast SEO plugin v22.5 - https:\/\/yoast.com\/wordpress\/plugins\/seo\/ -->\n<title>4\u00aa liga LED Y 6\u00aa JORNADA DE LIGA ALEVIN EN ANDOAIN - Tolosaldea IKT - Igeriketa Kirol Taldea<\/title>\n<meta name=\"robots\" content=\"index, follow, max-snippet:-1, max-image-preview:large, max-video-preview:-1\" \/>\n<link rel=\"canonical\" href=\"https:\/\/www.tolosaldeaikt.eus\/es\/4a-liga-led-y-6a-jornada-de-liga-alevin-en-andoain\/\" \/>\n<meta property=\"og:locale\" content=\"es_ES\" \/>\n<meta property=\"og:type\" content=\"article\" \/>\n<meta property=\"og:title\" content=\"4\u00aa liga LED Y 6\u00aa JORNADA DE LIGA ALEVIN EN ANDOAIN - Tolosaldea IKT - Igeriketa Kirol Taldea\" \/>\n<meta property=\"og:description\" content=\"Ela sabdo 6 de Abril nuestros j\u00f3venes nadadores participaron en la jornada de liga que se celebr\u00f3 en Andoain. Una vez m\u00e1s los peques nadaron de [\u2026]\" \/>\n<meta property=\"og:url\" content=\"https:\/\/www.tolosaldeaikt.eus\/es\/4a-liga-led-y-6a-jornada-de-liga-alevin-en-andoain\/\" \/>\n<meta property=\"og:site_name\" content=\"Tolosaldea IKT - Igeriketa Kirol Taldea\" \/>\n<meta property=\"article:publisher\" content=\"https:\/\/www.facebook.com\/tolosaldea.ikt\" \/>\n<meta property=\"article:published_time\" content=\"2019-04-11T07:50:28+00:00\" \/>\n<meta property=\"og:image\" content=\"https:\/\/www.tolosaldeaikt.eus\/wp-content\/uploads\/2019\/04\/IMG-20190406-WA0011.jpg\" \/>\n\t<meta property=\"og:image:width\" content=\"1600\" \/>\n\t<meta property=\"og:image:height\" content=\"1200\" \/>\n\t<meta property=\"og:image:type\" content=\"image\/jpeg\" \/>\n<meta name=\"author\" content=\"Nerea Pagola\" \/>\n<meta name=\"twitter:card\" content=\"summary_large_image\" \/>\n<meta name=\"twitter:creator\" content=\"@Tolosaldeaikt\" \/>\n<meta name=\"twitter:site\" content=\"@Tolosaldeaikt\" \/>\n<meta name=\"twitter:label1\" content=\"Escrito por\" \/>\n\t<meta name=\"twitter:data1\" content=\"Nerea Pagola\" \/>\n\t<meta name=\"twitter:label2\" content=\"Tiempo de lectura\" \/>\n\t<meta name=\"twitter:data2\" content=\"1 minuto\" \/>\n<!-- \/ Yoast SEO plugin. -->","yoast_head_json":{"title":"4\u00aa liga LED Y 6\u00aa JORNADA DE LIGA ALEVIN EN ANDOAIN - Tolosaldea IKT - Igeriketa Kirol Taldea","robots":{"index":"index","follow":"follow","max-snippet":"max-snippet:-1","max-image-preview":"max-image-preview:large","max-video-preview":"max-video-preview:-1"},"canonical":"https:\/\/www.tolosaldeaikt.eus\/es\/4a-liga-led-y-6a-jornada-de-liga-alevin-en-andoain\/","og_locale":"es_ES","og_type":"article","og_title":"4\u00aa liga LED Y 6\u00aa JORNADA DE LIGA ALEVIN EN ANDOAIN - Tolosaldea IKT - Igeriketa Kirol Taldea","og_description":"Ela sabdo 6 de Abril nuestros j\u00f3venes nadadores participaron en la jornada de liga que se celebr\u00f3 en Andoain. Una vez m\u00e1s los peques nadaron de [\u2026]","og_url":"https:\/\/www.tolosaldeaikt.eus\/es\/4a-liga-led-y-6a-jornada-de-liga-alevin-en-andoain\/","og_site_name":"Tolosaldea IKT - Igeriketa Kirol Taldea","article_publisher":"https:\/\/www.facebook.com\/tolosaldea.ikt","article_published_time":"2019-04-11T07:50:28+00:00","og_image":[{"width":1600,"height":1200,"url":"https:\/\/www.tolosaldeaikt.eus\/wp-content\/uploads\/2019\/04\/IMG-20190406-WA0011.jpg","type":"image\/jpeg"}],"author":"Nerea Pagola","twitter_card":"summary_large_image","twitter_creator":"@Tolosaldeaikt","twitter_site":"@Tolosaldeaikt","twitter_misc":{"Escrito por":"Nerea Pagola","Tiempo de lectura":"1 minuto"},"schema":{"@context":"https:\/\/schema.org","@graph":[{"@type":"Article","@id":"https:\/\/www.tolosaldeaikt.eus\/es\/4a-liga-led-y-6a-jornada-de-liga-alevin-en-andoain\/#article","isPartOf":{"@id":"https:\/\/www.tolosaldeaikt.eus\/es\/4a-liga-led-y-6a-jornada-de-liga-alevin-en-andoain\/"},"author":{"name":"Nerea Pagola","@id":"https:\/\/www.tolosaldeaikt.eus\/es\/#\/schema\/person\/903db2dffa70fa5ae2f6e7675dd146b0"},"headline":"4\u00aa liga LED Y 6\u00aa JORNADA DE LIGA ALEVIN EN ANDOAIN","datePublished":"2019-04-11T07:50:28+00:00","dateModified":"2019-04-11T07:50:28+00:00","mainEntityOfPage":{"@id":"https:\/\/www.tolosaldeaikt.eus\/es\/4a-liga-led-y-6a-jornada-de-liga-alevin-en-andoain\/"},"wordCount":136,"publisher":{"@id":"https:\/\/www.tolosaldeaikt.eus\/es\/#organization"},"image":{"@id":"https:\/\/www.tolosaldeaikt.eus\/es\/4a-liga-led-y-6a-jornada-de-liga-alevin-en-andoain\/#primaryimage"},"thumbnailUrl":"https:\/\/www.tolosaldeaikt.eus\/wp-content\/uploads\/2019\/04\/IMG-20190406-WA0011.jpg","articleSection":["Escuela de nataci\u00f3n"],"inLanguage":"es"},{"@type":"WebPage","@id":"https:\/\/www.tolosaldeaikt.eus\/es\/4a-liga-led-y-6a-jornada-de-liga-alevin-en-andoain\/","url":"https:\/\/www.tolosaldeaikt.eus\/es\/4a-liga-led-y-6a-jornada-de-liga-alevin-en-andoain\/","name":"4\u00aa liga LED Y 6\u00aa JORNADA DE LIGA ALEVIN EN ANDOAIN - Tolosaldea IKT - Igeriketa Kirol Taldea","isPartOf":{"@id":"https:\/\/www.tolosaldeaikt.eus\/es\/#website"},"primaryImageOfPage":{"@id":"https:\/\/www.tolosaldeaikt.eus\/es\/4a-liga-led-y-6a-jornada-de-liga-alevin-en-andoain\/#primaryimage"},"image":{"@id":"https:\/\/www.tolosaldeaikt.eus\/es\/4a-liga-led-y-6a-jornada-de-liga-alevin-en-andoain\/#primaryimage"},"thumbnailUrl":"https:\/\/www.tolosaldeaikt.eus\/wp-content\/uploads\/2019\/04\/IMG-20190406-WA0011.jpg","datePublished":"2019-04-11T07:50:28+00:00","dateModified":"2019-04-11T07:50:28+00:00","breadcrumb":{"@id":"https:\/\/www.tolosaldeaikt.eus\/es\/4a-liga-led-y-6a-jornada-de-liga-alevin-en-andoain\/#breadcrumb"},"inLanguage":"es","potentialAction":[{"@type":"ReadAction","target":["https:\/\/www.tolosaldeaikt.eus\/es\/4a-liga-led-y-6a-jornada-de-liga-alevin-en-andoain\/"]}]},{"@type":"ImageObject","inLanguage":"es","@id":"https:\/\/www.tolosaldeaikt.eus\/es\/4a-liga-led-y-6a-jornada-de-liga-alevin-en-andoain\/#primaryimage","url":"https:\/\/www.tolosaldeaikt.eus\/wp-content\/uploads\/2019\/04\/IMG-20190406-WA0011.jpg","contentUrl":"https:\/\/www.tolosaldeaikt.eus\/wp-content\/uploads\/2019\/04\/IMG-20190406-WA0011.jpg","width":1600,"height":1200},{"@type":"BreadcrumbList","@id":"https:\/\/www.tolosaldeaikt.eus\/es\/4a-liga-led-y-6a-jornada-de-liga-alevin-en-andoain\/#breadcrumb","itemListElement":[{"@type":"ListItem","position":1,"name":"Home","item":"https:\/\/www.tolosaldeaikt.eus\/es\/"},{"@type":"ListItem","position":2,"name":"4\u00aa liga LED Y 6\u00aa JORNADA DE LIGA ALEVIN EN ANDOAIN"}]},{"@type":"WebSite","@id":"https:\/\/www.tolosaldeaikt.eus\/es\/#website","url":"https:\/\/www.tolosaldeaikt.eus\/es\/","name":"Tolosaldea IKT - Igeriketa Kirol Taldea","description":"Web de Tolosaldea Igeriketa Kirol Taldea. Informaci\u00f3n, noticias, competiciones, resultados, m\u00ednimas, series, y mucho en un click","publisher":{"@id":"https:\/\/www.tolosaldeaikt.eus\/es\/#organization"},"potentialAction":[{"@type":"SearchAction","target":{"@type":"EntryPoint","urlTemplate":"https:\/\/www.tolosaldeaikt.eus\/es\/?s={search_term_string}"},"query-input":"required name=search_term_string"}],"inLanguage":"es"},{"@type":"Organization","@id":"https:\/\/www.tolosaldeaikt.eus\/es\/#organization","name":"Tolosaldea IKT - Igeriketa Kirol Taldea","url":"https:\/\/www.tolosaldeaikt.eus\/es\/","logo":{"@type":"ImageObject","inLanguage":"es","@id":"https:\/\/www.tolosaldeaikt.eus\/es\/#\/schema\/logo\/image\/","url":"https:\/\/www.tolosaldeaikt.eus\/wp-content\/uploads\/2018\/12\/aurkezpena.jpg","contentUrl":"https:\/\/www.tolosaldeaikt.eus\/wp-content\/uploads\/2018\/12\/aurkezpena.jpg","width":1400,"height":800,"caption":"Tolosaldea IKT - Igeriketa Kirol Taldea"},"image":{"@id":"https:\/\/www.tolosaldeaikt.eus\/es\/#\/schema\/logo\/image\/"},"sameAs":["https:\/\/www.facebook.com\/tolosaldea.ikt","https:\/\/x.com\/Tolosaldeaikt"]},{"@type":"Person","@id":"https:\/\/www.tolosaldeaikt.eus\/es\/#\/schema\/person\/903db2dffa70fa5ae2f6e7675dd146b0","name":"Nerea Pagola","image":{"@type":"ImageObject","inLanguage":"es","@id":"https:\/\/www.tolosaldeaikt.eus\/es\/#\/schema\/person\/image\/","url":"https:\/\/secure.gravatar.com\/avatar\/0614cb8e226823a51327bf0e4c8a92b3","contentUrl":"https:\/\/secure.gravatar.com\/avatar\/0614cb8e226823a51327bf0e4c8a92b3","caption":"Nerea Pagola"}}]}},"_links":{"self":[{"href":"https:\/\/www.tolosaldeaikt.eus\/es\/wp-json\/wp\/v2\/posts\/4668"}],"collection":[{"href":"https:\/\/www.tolosaldeaikt.eus\/es\/wp-json\/wp\/v2\/posts"}],"about":[{"href":"https:\/\/www.tolosaldeaikt.eus\/es\/wp-json\/wp\/v2\/types\/post"}],"author":[{"embeddable":true,"href":"https:\/\/www.tolosaldeaikt.eus\/es\/wp-json\/wp\/v2\/users\/2"}],"replies":[{"embeddable":true,"href":"https:\/\/www.tolosaldeaikt.eus\/es\/wp-json\/wp\/v2\/comments?post=4668"}],"version-history":[{"count":2,"href":"https:\/\/www.tolosaldeaikt.eus\/es\/wp-json\/wp\/v2\/posts\/4668\/revisions"}],"predecessor-version":[{"id":4670,"href":"https:\/\/www.tolosaldeaikt.eus\/es\/wp-json\/wp\/v2\/posts\/4668\/revisions\/4670"}],"wp:featuredmedia":[{"embeddable":true,"href":"https:\/\/www.tolosaldeaikt.eus\/es\/wp-json\/wp\/v2\/media\/4661"}],"wp:attachment":[{"href":"https:\/\/www.tolosaldeaikt.eus\/es\/wp-json\/wp\/v2\/media?parent=4668"}],"wp:term":[{"taxonomy":"category","embeddable":true,"href":"https:\/\/www.tolosaldeaikt.eus\/es\/wp-json\/wp\/v2\/categories?post=4668"},{"taxonomy":"post_tag","embeddable":true,"href":"https:\/\/www.tolosaldeaikt.eus\/es\/wp-json\/wp\/v2\/tags?post=4668"}],"curies":[{"name":"wp","href":"https:\/\/api.w.org\/{rel}","templated":true}]}}