{"id":4621,"date":"2019-03-25T13:15:01","date_gmt":"2019-03-25T11:15:01","guid":{"rendered":"https:\/\/www.tolosaldeaikt.eus\/?p=4621"},"modified":"2019-03-25T13:15:01","modified_gmt":"2019-03-25T11:15:01","slug":"5a-liga-alevin-y-3a-led-benjamin-en-usabal","status":"publish","type":"post","link":"https:\/\/www.tolosaldeaikt.eus\/es\/5a-liga-alevin-y-3a-led-benjamin-en-usabal\/","title":{"rendered":"5\u00aa LIGA ALEVIN Y 3\u00aa LED BENJAMIN EN USABAL"},"content":{"rendered":"<p>El pasado s\u00e1bado se celebro en Usabal la 5\u00aa jornada de liga alev\u00edn y la 3\u00aa liga de especificaci\u00f3n deportiva benjam\u00edn.<\/p>\n<p>Tuvimos el placer de ver a nuestros nadadores m\u00e1s j\u00f3venes nadando todos los estilos y\u00a0 hay que reconocer que todos demostraron lo mucho que est\u00e1n aprendiendo y mejorando ya que nadaron muy bien y sobre todo muy elegante.<\/p>\n<p>Los benjamines m\u00e1s j\u00f3venes nadaron braza y mariposa y los benjamines mayores adem\u00e1s de estos estilos tambi\u00e9n nadaron en el estilo libre<\/p>\n<p>Una vez terminada la jornada benjam\u00edn llego el turno de los alevines y estos tambi\u00e9n nos ense\u00f1aron que dominan todos los estilos. Las mujeres nadaron\u00a0 a espalda y crol y los hombres a crol y braza.<\/p>\n<p>En el grupo alev\u00edn merecen una menci\u00f3n especial los 4 chicos que nadaron el 1500 libre y tambi\u00e9n los relevos 4&#215;100 estilos que fueron realmente vistosos.<\/p>\n<p>Una vez m\u00e1s el ambiente fue esplendido en Usabal, tanto en la grada como a pie de piscina y los j\u00f3venes demostraron una actitud de diez demostrando el gran equipo que forman.<\/p>\n<p>Por supuesto agradecer la ayuda de los padres que trabajaron durante toda la tarde para que todo saliese perfecto<\/p>\n<p>&nbsp;<\/p>\n\n\t\t\t<style type='text\/css'>\n\t\t\t\t#gallery-1 {\n\t\t\t\t\tmargin: auto;\n\t\t\t\t}\n\t\t\t\t#gallery-1 .gallery-item {\n\t\t\t\t\tfloat: left;\n\t\t\t\t\tmargin-top: 10px;\n\t\t\t\t\ttext-align: center;\n\t\t\t\t\twidth: 33.33%;\n\t\t\t\t}\n\t\t\t\t#gallery-1 img {\n\t\t\t\t\tborder: 2px solid #cfcfcf;\n\t\t\t\t}\n\t\t\t\t#gallery-1 .gallery-caption {\n\t\t\t\t\tmargin-left: 0;\n\t\t\t\t}\n\t\t\t\t\/* see gallery_shortcode() in wp-includes\/media.php *\/\n\t\t\t<\/style>\n\t\t<div id='gallery-1' class='gallery galleryid-4621 gallery-columns-3 gallery-size-thumbnail '><dl class='gallery-item'>\n\t\t\t\t<dt class='gallery-icon landscape'>\n\t\t\t\t\t<a data-rel=\"prettyPhoto[sliders]\" href='https:\/\/www.tolosaldeaikt.eus\/es\/img_20190323_160539-2\/'><img loading=\"lazy\" decoding=\"async\" width=\"150\" height=\"150\" src=\"https:\/\/www.tolosaldeaikt.eus\/wp-content\/uploads\/2019\/03\/IMG_20190323_160539-150x150.jpg\" class=\"attachment-thumbnail size-thumbnail\" alt=\"\" srcset=\"https:\/\/www.tolosaldeaikt.eus\/wp-content\/uploads\/2019\/03\/IMG_20190323_160539-150x150.jpg 150w, https:\/\/www.tolosaldeaikt.eus\/wp-content\/uploads\/2019\/03\/IMG_20190323_160539-85x85.jpg 85w, https:\/\/www.tolosaldeaikt.eus\/wp-content\/uploads\/2019\/03\/IMG_20190323_160539-80x80.jpg 80w\" sizes=\"(max-width: 150px) 100vw, 150px\" \/><\/a>\n\t\t\t\t<\/dt><\/dl><dl class='gallery-item'>\n\t\t\t\t<dt class='gallery-icon landscape'>\n\t\t\t\t\t<a data-rel=\"prettyPhoto[sliders]\" href='https:\/\/www.tolosaldeaikt.eus\/es\/img-20190323-wa0004-2\/'><img loading=\"lazy\" decoding=\"async\" width=\"150\" height=\"150\" src=\"https:\/\/www.tolosaldeaikt.eus\/wp-content\/uploads\/2019\/03\/IMG-20190323-WA0004-150x150.jpg\" class=\"attachment-thumbnail size-thumbnail\" alt=\"\" srcset=\"https:\/\/www.tolosaldeaikt.eus\/wp-content\/uploads\/2019\/03\/IMG-20190323-WA0004-150x150.jpg 150w, https:\/\/www.tolosaldeaikt.eus\/wp-content\/uploads\/2019\/03\/IMG-20190323-WA0004-85x85.jpg 85w, https:\/\/www.tolosaldeaikt.eus\/wp-content\/uploads\/2019\/03\/IMG-20190323-WA0004-80x80.jpg 80w\" sizes=\"(max-width: 150px) 100vw, 150px\" \/><\/a>\n\t\t\t\t<\/dt><\/dl><dl class='gallery-item'>\n\t\t\t\t<dt class='gallery-icon landscape'>\n\t\t\t\t\t<a data-rel=\"prettyPhoto[sliders]\" href='https:\/\/www.tolosaldeaikt.eus\/es\/img-20190323-wa0007-2\/'><img loading=\"lazy\" decoding=\"async\" width=\"150\" height=\"150\" src=\"https:\/\/www.tolosaldeaikt.eus\/wp-content\/uploads\/2019\/03\/IMG-20190323-WA0007-150x150.jpg\" class=\"attachment-thumbnail size-thumbnail\" alt=\"\" srcset=\"https:\/\/www.tolosaldeaikt.eus\/wp-content\/uploads\/2019\/03\/IMG-20190323-WA0007-150x150.jpg 150w, https:\/\/www.tolosaldeaikt.eus\/wp-content\/uploads\/2019\/03\/IMG-20190323-WA0007-85x85.jpg 85w, https:\/\/www.tolosaldeaikt.eus\/wp-content\/uploads\/2019\/03\/IMG-20190323-WA0007-80x80.jpg 80w\" sizes=\"(max-width: 150px) 100vw, 150px\" \/><\/a>\n\t\t\t\t<\/dt><\/dl><br style=\"clear: both\" \/>\n\t\t\t<\/div>\n\n<p>&nbsp;<\/p>\n<p>&nbsp;<\/p>\n","protected":false},"excerpt":{"rendered":"<p>El pasado s\u00e1bado se celebro en Usabal la 5\u00aa jornada de liga alev\u00edn y la 3\u00aa liga de especificaci\u00f3n deportiva benjam\u00edn. Tuvimos el placer de ver<span class=\"excerpt-hellip\"> [\u2026]<\/span><\/p>\n","protected":false},"author":2,"featured_media":4617,"comment_status":"closed","ping_status":"closed","sticky":false,"template":"","format":"standard","meta":{"_exactmetrics_skip_tracking":false,"_exactmetrics_sitenote_active":false,"_exactmetrics_sitenote_note":"","_exactmetrics_sitenote_category":0,"footnotes":""},"categories":[31],"tags":[],"yoast_head":"<!-- This site is optimized with the Yoast SEO plugin v22.5 - https:\/\/yoast.com\/wordpress\/plugins\/seo\/ -->\n<title>5\u00aa LIGA ALEVIN Y 3\u00aa LED BENJAMIN EN USABAL - Tolosaldea IKT - Igeriketa Kirol Taldea<\/title>\n<meta name=\"robots\" content=\"index, follow, max-snippet:-1, max-image-preview:large, max-video-preview:-1\" \/>\n<link rel=\"canonical\" href=\"https:\/\/www.tolosaldeaikt.eus\/es\/5a-liga-alevin-y-3a-led-benjamin-en-usabal\/\" \/>\n<meta property=\"og:locale\" content=\"es_ES\" \/>\n<meta property=\"og:type\" content=\"article\" \/>\n<meta property=\"og:title\" content=\"5\u00aa LIGA ALEVIN Y 3\u00aa LED BENJAMIN EN USABAL - Tolosaldea IKT - Igeriketa Kirol Taldea\" \/>\n<meta property=\"og:description\" content=\"El pasado s\u00e1bado se celebro en Usabal la 5\u00aa jornada de liga alev\u00edn y la 3\u00aa liga de especificaci\u00f3n deportiva benjam\u00edn. Tuvimos el placer de ver [\u2026]\" \/>\n<meta property=\"og:url\" content=\"https:\/\/www.tolosaldeaikt.eus\/es\/5a-liga-alevin-y-3a-led-benjamin-en-usabal\/\" \/>\n<meta property=\"og:site_name\" content=\"Tolosaldea IKT - Igeriketa Kirol Taldea\" \/>\n<meta property=\"article:publisher\" content=\"https:\/\/www.facebook.com\/tolosaldea.ikt\" \/>\n<meta property=\"article:published_time\" content=\"2019-03-25T11:15:01+00:00\" \/>\n<meta property=\"og:image\" content=\"https:\/\/www.tolosaldeaikt.eus\/wp-content\/uploads\/2019\/03\/IMG-20190323-WA0004.jpg\" \/>\n\t<meta property=\"og:image:width\" content=\"1600\" \/>\n\t<meta property=\"og:image:height\" content=\"1200\" \/>\n\t<meta property=\"og:image:type\" content=\"image\/jpeg\" \/>\n<meta name=\"author\" content=\"Nerea Pagola\" \/>\n<meta name=\"twitter:card\" content=\"summary_large_image\" \/>\n<meta name=\"twitter:creator\" content=\"@Tolosaldeaikt\" \/>\n<meta name=\"twitter:site\" content=\"@Tolosaldeaikt\" \/>\n<meta name=\"twitter:label1\" content=\"Escrito por\" \/>\n\t<meta name=\"twitter:data1\" content=\"Nerea Pagola\" \/>\n\t<meta name=\"twitter:label2\" content=\"Tiempo de lectura\" \/>\n\t<meta name=\"twitter:data2\" content=\"1 minuto\" \/>\n<!-- \/ Yoast SEO plugin. -->","yoast_head_json":{"title":"5\u00aa LIGA ALEVIN Y 3\u00aa LED BENJAMIN EN USABAL - Tolosaldea IKT - Igeriketa Kirol Taldea","robots":{"index":"index","follow":"follow","max-snippet":"max-snippet:-1","max-image-preview":"max-image-preview:large","max-video-preview":"max-video-preview:-1"},"canonical":"https:\/\/www.tolosaldeaikt.eus\/es\/5a-liga-alevin-y-3a-led-benjamin-en-usabal\/","og_locale":"es_ES","og_type":"article","og_title":"5\u00aa LIGA ALEVIN Y 3\u00aa LED BENJAMIN EN USABAL - Tolosaldea IKT - Igeriketa Kirol Taldea","og_description":"El pasado s\u00e1bado se celebro en Usabal la 5\u00aa jornada de liga alev\u00edn y la 3\u00aa liga de especificaci\u00f3n deportiva benjam\u00edn. Tuvimos el placer de ver [\u2026]","og_url":"https:\/\/www.tolosaldeaikt.eus\/es\/5a-liga-alevin-y-3a-led-benjamin-en-usabal\/","og_site_name":"Tolosaldea IKT - Igeriketa Kirol Taldea","article_publisher":"https:\/\/www.facebook.com\/tolosaldea.ikt","article_published_time":"2019-03-25T11:15:01+00:00","og_image":[{"width":1600,"height":1200,"url":"https:\/\/www.tolosaldeaikt.eus\/wp-content\/uploads\/2019\/03\/IMG-20190323-WA0004.jpg","type":"image\/jpeg"}],"author":"Nerea Pagola","twitter_card":"summary_large_image","twitter_creator":"@Tolosaldeaikt","twitter_site":"@Tolosaldeaikt","twitter_misc":{"Escrito por":"Nerea Pagola","Tiempo de lectura":"1 minuto"},"schema":{"@context":"https:\/\/schema.org","@graph":[{"@type":"Article","@id":"https:\/\/www.tolosaldeaikt.eus\/es\/5a-liga-alevin-y-3a-led-benjamin-en-usabal\/#article","isPartOf":{"@id":"https:\/\/www.tolosaldeaikt.eus\/es\/5a-liga-alevin-y-3a-led-benjamin-en-usabal\/"},"author":{"name":"Nerea Pagola","@id":"https:\/\/www.tolosaldeaikt.eus\/es\/#\/schema\/person\/903db2dffa70fa5ae2f6e7675dd146b0"},"headline":"5\u00aa LIGA ALEVIN Y 3\u00aa LED BENJAMIN EN USABAL","datePublished":"2019-03-25T11:15:01+00:00","dateModified":"2019-03-25T11:15:01+00:00","mainEntityOfPage":{"@id":"https:\/\/www.tolosaldeaikt.eus\/es\/5a-liga-alevin-y-3a-led-benjamin-en-usabal\/"},"wordCount":221,"publisher":{"@id":"https:\/\/www.tolosaldeaikt.eus\/es\/#organization"},"image":{"@id":"https:\/\/www.tolosaldeaikt.eus\/es\/5a-liga-alevin-y-3a-led-benjamin-en-usabal\/#primaryimage"},"thumbnailUrl":"https:\/\/www.tolosaldeaikt.eus\/wp-content\/uploads\/2019\/03\/IMG-20190323-WA0004.jpg","articleSection":["Escuela de nataci\u00f3n"],"inLanguage":"es"},{"@type":"WebPage","@id":"https:\/\/www.tolosaldeaikt.eus\/es\/5a-liga-alevin-y-3a-led-benjamin-en-usabal\/","url":"https:\/\/www.tolosaldeaikt.eus\/es\/5a-liga-alevin-y-3a-led-benjamin-en-usabal\/","name":"5\u00aa LIGA ALEVIN Y 3\u00aa LED BENJAMIN EN USABAL - Tolosaldea IKT - Igeriketa Kirol Taldea","isPartOf":{"@id":"https:\/\/www.tolosaldeaikt.eus\/es\/#website"},"primaryImageOfPage":{"@id":"https:\/\/www.tolosaldeaikt.eus\/es\/5a-liga-alevin-y-3a-led-benjamin-en-usabal\/#primaryimage"},"image":{"@id":"https:\/\/www.tolosaldeaikt.eus\/es\/5a-liga-alevin-y-3a-led-benjamin-en-usabal\/#primaryimage"},"thumbnailUrl":"https:\/\/www.tolosaldeaikt.eus\/wp-content\/uploads\/2019\/03\/IMG-20190323-WA0004.jpg","datePublished":"2019-03-25T11:15:01+00:00","dateModified":"2019-03-25T11:15:01+00:00","breadcrumb":{"@id":"https:\/\/www.tolosaldeaikt.eus\/es\/5a-liga-alevin-y-3a-led-benjamin-en-usabal\/#breadcrumb"},"inLanguage":"es","potentialAction":[{"@type":"ReadAction","target":["https:\/\/www.tolosaldeaikt.eus\/es\/5a-liga-alevin-y-3a-led-benjamin-en-usabal\/"]}]},{"@type":"ImageObject","inLanguage":"es","@id":"https:\/\/www.tolosaldeaikt.eus\/es\/5a-liga-alevin-y-3a-led-benjamin-en-usabal\/#primaryimage","url":"https:\/\/www.tolosaldeaikt.eus\/wp-content\/uploads\/2019\/03\/IMG-20190323-WA0004.jpg","contentUrl":"https:\/\/www.tolosaldeaikt.eus\/wp-content\/uploads\/2019\/03\/IMG-20190323-WA0004.jpg","width":1600,"height":1200},{"@type":"BreadcrumbList","@id":"https:\/\/www.tolosaldeaikt.eus\/es\/5a-liga-alevin-y-3a-led-benjamin-en-usabal\/#breadcrumb","itemListElement":[{"@type":"ListItem","position":1,"name":"Home","item":"https:\/\/www.tolosaldeaikt.eus\/es\/"},{"@type":"ListItem","position":2,"name":"5\u00aa LIGA ALEVIN Y 3\u00aa LED BENJAMIN EN USABAL"}]},{"@type":"WebSite","@id":"https:\/\/www.tolosaldeaikt.eus\/es\/#website","url":"https:\/\/www.tolosaldeaikt.eus\/es\/","name":"Tolosaldea IKT - Igeriketa Kirol Taldea","description":"Web de Tolosaldea Igeriketa Kirol Taldea. Informaci\u00f3n, noticias, competiciones, resultados, m\u00ednimas, series, y mucho en un click","publisher":{"@id":"https:\/\/www.tolosaldeaikt.eus\/es\/#organization"},"potentialAction":[{"@type":"SearchAction","target":{"@type":"EntryPoint","urlTemplate":"https:\/\/www.tolosaldeaikt.eus\/es\/?s={search_term_string}"},"query-input":"required name=search_term_string"}],"inLanguage":"es"},{"@type":"Organization","@id":"https:\/\/www.tolosaldeaikt.eus\/es\/#organization","name":"Tolosaldea IKT - Igeriketa Kirol Taldea","url":"https:\/\/www.tolosaldeaikt.eus\/es\/","logo":{"@type":"ImageObject","inLanguage":"es","@id":"https:\/\/www.tolosaldeaikt.eus\/es\/#\/schema\/logo\/image\/","url":"https:\/\/www.tolosaldeaikt.eus\/wp-content\/uploads\/2018\/12\/aurkezpena.jpg","contentUrl":"https:\/\/www.tolosaldeaikt.eus\/wp-content\/uploads\/2018\/12\/aurkezpena.jpg","width":1400,"height":800,"caption":"Tolosaldea IKT - Igeriketa Kirol Taldea"},"image":{"@id":"https:\/\/www.tolosaldeaikt.eus\/es\/#\/schema\/logo\/image\/"},"sameAs":["https:\/\/www.facebook.com\/tolosaldea.ikt","https:\/\/x.com\/Tolosaldeaikt"]},{"@type":"Person","@id":"https:\/\/www.tolosaldeaikt.eus\/es\/#\/schema\/person\/903db2dffa70fa5ae2f6e7675dd146b0","name":"Nerea Pagola","image":{"@type":"ImageObject","inLanguage":"es","@id":"https:\/\/www.tolosaldeaikt.eus\/es\/#\/schema\/person\/image\/","url":"https:\/\/secure.gravatar.com\/avatar\/0614cb8e226823a51327bf0e4c8a92b3","contentUrl":"https:\/\/secure.gravatar.com\/avatar\/0614cb8e226823a51327bf0e4c8a92b3","caption":"Nerea Pagola"}}]}},"_links":{"self":[{"href":"https:\/\/www.tolosaldeaikt.eus\/es\/wp-json\/wp\/v2\/posts\/4621"}],"collection":[{"href":"https:\/\/www.tolosaldeaikt.eus\/es\/wp-json\/wp\/v2\/posts"}],"about":[{"href":"https:\/\/www.tolosaldeaikt.eus\/es\/wp-json\/wp\/v2\/types\/post"}],"author":[{"embeddable":true,"href":"https:\/\/www.tolosaldeaikt.eus\/es\/wp-json\/wp\/v2\/users\/2"}],"replies":[{"embeddable":true,"href":"https:\/\/www.tolosaldeaikt.eus\/es\/wp-json\/wp\/v2\/comments?post=4621"}],"version-history":[{"count":2,"href":"https:\/\/www.tolosaldeaikt.eus\/es\/wp-json\/wp\/v2\/posts\/4621\/revisions"}],"predecessor-version":[{"id":4623,"href":"https:\/\/www.tolosaldeaikt.eus\/es\/wp-json\/wp\/v2\/posts\/4621\/revisions\/4623"}],"wp:featuredmedia":[{"embeddable":true,"href":"https:\/\/www.tolosaldeaikt.eus\/es\/wp-json\/wp\/v2\/media\/4617"}],"wp:attachment":[{"href":"https:\/\/www.tolosaldeaikt.eus\/es\/wp-json\/wp\/v2\/media?parent=4621"}],"wp:term":[{"taxonomy":"category","embeddable":true,"href":"https:\/\/www.tolosaldeaikt.eus\/es\/wp-json\/wp\/v2\/categories?post=4621"},{"taxonomy":"post_tag","embeddable":true,"href":"https:\/\/www.tolosaldeaikt.eus\/es\/wp-json\/wp\/v2\/tags?post=4621"}],"curies":[{"name":"wp","href":"https:\/\/api.w.org\/{rel}","templated":true}]}}