{"id":4150,"date":"2018-11-22T14:19:18","date_gmt":"2018-11-22T12:19:18","guid":{"rendered":"https:\/\/www.tolosaldeaikt.eus\/benjaminak-ere-ligan-estreinatu-dira-eta-alebinak-bide-onetik-jarraitzen-dute\/"},"modified":"2018-11-23T14:23:50","modified_gmt":"2018-11-23T12:23:50","slug":"benjaminak-ere-ligan-estreinatu-dira-eta-alebinak-bide-onetik-jarraitzen-dute","status":"publish","type":"post","link":"https:\/\/www.tolosaldeaikt.eus\/es\/benjaminak-ere-ligan-estreinatu-dira-eta-alebinak-bide-onetik-jarraitzen-dute\/","title":{"rendered":"LOS BENJAMINES SE HAN ESTRENADO EN LIGA Y LOS ALEVINES SIGUEN POR EL CAMINO CORRECTO"},"content":{"rendered":"<p>El pasado s\u00e1bado por la tarde, el polideportivo Usabal fue escenario de la primera jornada benjam\u00edn y de la segunda alev\u00edn.<\/p>\n<p>Muchos benjamines participaron por primera vez en una exhibici\u00f3n de este tipo y todos pueden\u00a0estar orgullosos del trabajo realizado.\u00a0Tambi\u00e9n los benjamines\u00a0veteranos\u00a0nadaron muy bien\u00a0 y todos nos demostraron lo bien que se arreglan en situaciones de compromiso. Seguramente, el s\u00e1bado a parte de nadar muy\u00a0bien y pasarlo genial con los amigos, los chavales\u00a0 aprendieron varias lecciones\u00a0necesarias en la vida (saber estar delante de la gente, esperar con paciencia, ser protagonistas, enfrentarse a responsabilidades, controlar los nervios&#8230;).<\/p>\n<p>Los alevines tuvieron su segunda sesi\u00f3n de liga y esta vez les toco nadar espalda y estilo libre. Todos lo hicieron muy bien, con confianza y sobre todo con un estilo muy elegante por lo que nadadores, padres y madres y entrenadores nos retiramos a casa satisfechos.<\/p>\n<p>Desde estas l\u00edneas felicitar a los nadadores y dar gracias a los padres que ayudan en la organizaci\u00f3n de las jornadas.<\/p>\n<p>&nbsp;<\/p>\n<p>&nbsp;<\/p>\n<p>&nbsp;<\/p>\n","protected":false},"excerpt":{"rendered":"<p>El pasado s\u00e1bado por la tarde, el polideportivo Usabal fue escenario de la primera jornada benjam\u00edn y de la segunda alev\u00edn. Muchos benjamines participaron por primera<span class=\"excerpt-hellip\"> [\u2026]<\/span><\/p>\n","protected":false},"author":2,"featured_media":4145,"comment_status":"closed","ping_status":"closed","sticky":false,"template":"","format":"standard","meta":{"_exactmetrics_skip_tracking":false,"_exactmetrics_sitenote_active":false,"_exactmetrics_sitenote_note":"","_exactmetrics_sitenote_category":0,"footnotes":""},"categories":[31],"tags":[],"yoast_head":"<!-- This site is optimized with the Yoast SEO plugin v22.5 - https:\/\/yoast.com\/wordpress\/plugins\/seo\/ -->\n<title>LOS BENJAMINES SE HAN ESTRENADO EN LIGA Y LOS ALEVINES SIGUEN POR EL CAMINO CORRECTO - Tolosaldea IKT - Igeriketa Kirol Taldea<\/title>\n<meta name=\"robots\" content=\"index, follow, max-snippet:-1, max-image-preview:large, max-video-preview:-1\" \/>\n<link rel=\"canonical\" href=\"https:\/\/www.tolosaldeaikt.eus\/es\/benjaminak-ere-ligan-estreinatu-dira-eta-alebinak-bide-onetik-jarraitzen-dute\/\" \/>\n<meta property=\"og:locale\" content=\"es_ES\" \/>\n<meta property=\"og:type\" content=\"article\" \/>\n<meta property=\"og:title\" content=\"LOS BENJAMINES SE HAN ESTRENADO EN LIGA Y LOS ALEVINES SIGUEN POR EL CAMINO CORRECTO - Tolosaldea IKT - Igeriketa Kirol Taldea\" \/>\n<meta property=\"og:description\" content=\"El pasado s\u00e1bado por la tarde, el polideportivo Usabal fue escenario de la primera jornada benjam\u00edn y de la segunda alev\u00edn. Muchos benjamines participaron por primera [\u2026]\" \/>\n<meta property=\"og:url\" content=\"https:\/\/www.tolosaldeaikt.eus\/es\/benjaminak-ere-ligan-estreinatu-dira-eta-alebinak-bide-onetik-jarraitzen-dute\/\" \/>\n<meta property=\"og:site_name\" content=\"Tolosaldea IKT - Igeriketa Kirol Taldea\" \/>\n<meta property=\"article:publisher\" content=\"https:\/\/www.facebook.com\/tolosaldea.ikt\" \/>\n<meta property=\"article:published_time\" content=\"2018-11-22T12:19:18+00:00\" \/>\n<meta property=\"article:modified_time\" content=\"2018-11-23T12:23:50+00:00\" \/>\n<meta property=\"og:image\" content=\"https:\/\/www.tolosaldeaikt.eus\/wp-content\/uploads\/2018\/11\/IMG-20181117-WA0013-1.jpg\" \/>\n\t<meta property=\"og:image:width\" content=\"1024\" \/>\n\t<meta property=\"og:image:height\" content=\"768\" \/>\n\t<meta property=\"og:image:type\" content=\"image\/jpeg\" \/>\n<meta name=\"author\" content=\"Nerea Pagola\" \/>\n<meta name=\"twitter:card\" content=\"summary_large_image\" \/>\n<meta name=\"twitter:creator\" content=\"@Tolosaldeaikt\" \/>\n<meta name=\"twitter:site\" content=\"@Tolosaldeaikt\" \/>\n<meta name=\"twitter:label1\" content=\"Escrito por\" \/>\n\t<meta name=\"twitter:data1\" content=\"Nerea Pagola\" \/>\n\t<meta name=\"twitter:label2\" content=\"Tiempo de lectura\" \/>\n\t<meta name=\"twitter:data2\" content=\"1 minuto\" \/>\n<!-- \/ Yoast SEO plugin. -->","yoast_head_json":{"title":"LOS BENJAMINES SE HAN ESTRENADO EN LIGA Y LOS ALEVINES SIGUEN POR EL CAMINO CORRECTO - Tolosaldea IKT - Igeriketa Kirol Taldea","robots":{"index":"index","follow":"follow","max-snippet":"max-snippet:-1","max-image-preview":"max-image-preview:large","max-video-preview":"max-video-preview:-1"},"canonical":"https:\/\/www.tolosaldeaikt.eus\/es\/benjaminak-ere-ligan-estreinatu-dira-eta-alebinak-bide-onetik-jarraitzen-dute\/","og_locale":"es_ES","og_type":"article","og_title":"LOS BENJAMINES SE HAN ESTRENADO EN LIGA Y LOS ALEVINES SIGUEN POR EL CAMINO CORRECTO - Tolosaldea IKT - Igeriketa Kirol Taldea","og_description":"El pasado s\u00e1bado por la tarde, el polideportivo Usabal fue escenario de la primera jornada benjam\u00edn y de la segunda alev\u00edn. Muchos benjamines participaron por primera [\u2026]","og_url":"https:\/\/www.tolosaldeaikt.eus\/es\/benjaminak-ere-ligan-estreinatu-dira-eta-alebinak-bide-onetik-jarraitzen-dute\/","og_site_name":"Tolosaldea IKT - Igeriketa Kirol Taldea","article_publisher":"https:\/\/www.facebook.com\/tolosaldea.ikt","article_published_time":"2018-11-22T12:19:18+00:00","article_modified_time":"2018-11-23T12:23:50+00:00","og_image":[{"width":1024,"height":768,"url":"https:\/\/www.tolosaldeaikt.eus\/wp-content\/uploads\/2018\/11\/IMG-20181117-WA0013-1.jpg","type":"image\/jpeg"}],"author":"Nerea Pagola","twitter_card":"summary_large_image","twitter_creator":"@Tolosaldeaikt","twitter_site":"@Tolosaldeaikt","twitter_misc":{"Escrito por":"Nerea Pagola","Tiempo de lectura":"1 minuto"},"schema":{"@context":"https:\/\/schema.org","@graph":[{"@type":"Article","@id":"https:\/\/www.tolosaldeaikt.eus\/es\/benjaminak-ere-ligan-estreinatu-dira-eta-alebinak-bide-onetik-jarraitzen-dute\/#article","isPartOf":{"@id":"https:\/\/www.tolosaldeaikt.eus\/es\/benjaminak-ere-ligan-estreinatu-dira-eta-alebinak-bide-onetik-jarraitzen-dute\/"},"author":{"name":"Nerea Pagola","@id":"https:\/\/www.tolosaldeaikt.eus\/es\/#\/schema\/person\/903db2dffa70fa5ae2f6e7675dd146b0"},"headline":"LOS BENJAMINES SE HAN ESTRENADO EN LIGA Y LOS ALEVINES SIGUEN POR EL CAMINO CORRECTO","datePublished":"2018-11-22T12:19:18+00:00","dateModified":"2018-11-23T12:23:50+00:00","mainEntityOfPage":{"@id":"https:\/\/www.tolosaldeaikt.eus\/es\/benjaminak-ere-ligan-estreinatu-dira-eta-alebinak-bide-onetik-jarraitzen-dute\/"},"wordCount":197,"publisher":{"@id":"https:\/\/www.tolosaldeaikt.eus\/es\/#organization"},"image":{"@id":"https:\/\/www.tolosaldeaikt.eus\/es\/benjaminak-ere-ligan-estreinatu-dira-eta-alebinak-bide-onetik-jarraitzen-dute\/#primaryimage"},"thumbnailUrl":"https:\/\/www.tolosaldeaikt.eus\/wp-content\/uploads\/2018\/11\/IMG-20181117-WA0013-1.jpg","articleSection":["Escuela de nataci\u00f3n"],"inLanguage":"es"},{"@type":"WebPage","@id":"https:\/\/www.tolosaldeaikt.eus\/es\/benjaminak-ere-ligan-estreinatu-dira-eta-alebinak-bide-onetik-jarraitzen-dute\/","url":"https:\/\/www.tolosaldeaikt.eus\/es\/benjaminak-ere-ligan-estreinatu-dira-eta-alebinak-bide-onetik-jarraitzen-dute\/","name":"LOS BENJAMINES SE HAN ESTRENADO EN LIGA Y LOS ALEVINES SIGUEN POR EL CAMINO CORRECTO - Tolosaldea IKT - Igeriketa Kirol Taldea","isPartOf":{"@id":"https:\/\/www.tolosaldeaikt.eus\/es\/#website"},"primaryImageOfPage":{"@id":"https:\/\/www.tolosaldeaikt.eus\/es\/benjaminak-ere-ligan-estreinatu-dira-eta-alebinak-bide-onetik-jarraitzen-dute\/#primaryimage"},"image":{"@id":"https:\/\/www.tolosaldeaikt.eus\/es\/benjaminak-ere-ligan-estreinatu-dira-eta-alebinak-bide-onetik-jarraitzen-dute\/#primaryimage"},"thumbnailUrl":"https:\/\/www.tolosaldeaikt.eus\/wp-content\/uploads\/2018\/11\/IMG-20181117-WA0013-1.jpg","datePublished":"2018-11-22T12:19:18+00:00","dateModified":"2018-11-23T12:23:50+00:00","breadcrumb":{"@id":"https:\/\/www.tolosaldeaikt.eus\/es\/benjaminak-ere-ligan-estreinatu-dira-eta-alebinak-bide-onetik-jarraitzen-dute\/#breadcrumb"},"inLanguage":"es","potentialAction":[{"@type":"ReadAction","target":["https:\/\/www.tolosaldeaikt.eus\/es\/benjaminak-ere-ligan-estreinatu-dira-eta-alebinak-bide-onetik-jarraitzen-dute\/"]}]},{"@type":"ImageObject","inLanguage":"es","@id":"https:\/\/www.tolosaldeaikt.eus\/es\/benjaminak-ere-ligan-estreinatu-dira-eta-alebinak-bide-onetik-jarraitzen-dute\/#primaryimage","url":"https:\/\/www.tolosaldeaikt.eus\/wp-content\/uploads\/2018\/11\/IMG-20181117-WA0013-1.jpg","contentUrl":"https:\/\/www.tolosaldeaikt.eus\/wp-content\/uploads\/2018\/11\/IMG-20181117-WA0013-1.jpg","width":1024,"height":768},{"@type":"BreadcrumbList","@id":"https:\/\/www.tolosaldeaikt.eus\/es\/benjaminak-ere-ligan-estreinatu-dira-eta-alebinak-bide-onetik-jarraitzen-dute\/#breadcrumb","itemListElement":[{"@type":"ListItem","position":1,"name":"Home","item":"https:\/\/www.tolosaldeaikt.eus\/es\/"},{"@type":"ListItem","position":2,"name":"LOS BENJAMINES SE HAN ESTRENADO EN LIGA Y LOS ALEVINES SIGUEN POR EL CAMINO CORRECTO"}]},{"@type":"WebSite","@id":"https:\/\/www.tolosaldeaikt.eus\/es\/#website","url":"https:\/\/www.tolosaldeaikt.eus\/es\/","name":"Tolosaldea IKT - Igeriketa Kirol Taldea","description":"Web de Tolosaldea Igeriketa Kirol Taldea. Informaci\u00f3n, noticias, competiciones, resultados, m\u00ednimas, series, y mucho en un click","publisher":{"@id":"https:\/\/www.tolosaldeaikt.eus\/es\/#organization"},"potentialAction":[{"@type":"SearchAction","target":{"@type":"EntryPoint","urlTemplate":"https:\/\/www.tolosaldeaikt.eus\/es\/?s={search_term_string}"},"query-input":"required name=search_term_string"}],"inLanguage":"es"},{"@type":"Organization","@id":"https:\/\/www.tolosaldeaikt.eus\/es\/#organization","name":"Tolosaldea IKT - Igeriketa Kirol Taldea","url":"https:\/\/www.tolosaldeaikt.eus\/es\/","logo":{"@type":"ImageObject","inLanguage":"es","@id":"https:\/\/www.tolosaldeaikt.eus\/es\/#\/schema\/logo\/image\/","url":"https:\/\/www.tolosaldeaikt.eus\/wp-content\/uploads\/2018\/12\/aurkezpena.jpg","contentUrl":"https:\/\/www.tolosaldeaikt.eus\/wp-content\/uploads\/2018\/12\/aurkezpena.jpg","width":1400,"height":800,"caption":"Tolosaldea IKT - Igeriketa Kirol Taldea"},"image":{"@id":"https:\/\/www.tolosaldeaikt.eus\/es\/#\/schema\/logo\/image\/"},"sameAs":["https:\/\/www.facebook.com\/tolosaldea.ikt","https:\/\/x.com\/Tolosaldeaikt"]},{"@type":"Person","@id":"https:\/\/www.tolosaldeaikt.eus\/es\/#\/schema\/person\/903db2dffa70fa5ae2f6e7675dd146b0","name":"Nerea Pagola","image":{"@type":"ImageObject","inLanguage":"es","@id":"https:\/\/www.tolosaldeaikt.eus\/es\/#\/schema\/person\/image\/","url":"https:\/\/secure.gravatar.com\/avatar\/0614cb8e226823a51327bf0e4c8a92b3","contentUrl":"https:\/\/secure.gravatar.com\/avatar\/0614cb8e226823a51327bf0e4c8a92b3","caption":"Nerea Pagola"}}]}},"_links":{"self":[{"href":"https:\/\/www.tolosaldeaikt.eus\/es\/wp-json\/wp\/v2\/posts\/4150"}],"collection":[{"href":"https:\/\/www.tolosaldeaikt.eus\/es\/wp-json\/wp\/v2\/posts"}],"about":[{"href":"https:\/\/www.tolosaldeaikt.eus\/es\/wp-json\/wp\/v2\/types\/post"}],"author":[{"embeddable":true,"href":"https:\/\/www.tolosaldeaikt.eus\/es\/wp-json\/wp\/v2\/users\/2"}],"replies":[{"embeddable":true,"href":"https:\/\/www.tolosaldeaikt.eus\/es\/wp-json\/wp\/v2\/comments?post=4150"}],"version-history":[{"count":2,"href":"https:\/\/www.tolosaldeaikt.eus\/es\/wp-json\/wp\/v2\/posts\/4150\/revisions"}],"predecessor-version":[{"id":4152,"href":"https:\/\/www.tolosaldeaikt.eus\/es\/wp-json\/wp\/v2\/posts\/4150\/revisions\/4152"}],"wp:featuredmedia":[{"embeddable":true,"href":"https:\/\/www.tolosaldeaikt.eus\/es\/wp-json\/wp\/v2\/media\/4145"}],"wp:attachment":[{"href":"https:\/\/www.tolosaldeaikt.eus\/es\/wp-json\/wp\/v2\/media?parent=4150"}],"wp:term":[{"taxonomy":"category","embeddable":true,"href":"https:\/\/www.tolosaldeaikt.eus\/es\/wp-json\/wp\/v2\/categories?post=4150"},{"taxonomy":"post_tag","embeddable":true,"href":"https:\/\/www.tolosaldeaikt.eus\/es\/wp-json\/wp\/v2\/tags?post=4150"}],"curies":[{"name":"wp","href":"https:\/\/api.w.org\/{rel}","templated":true}]}}