{"id":4134,"date":"2018-11-21T14:09:04","date_gmt":"2018-11-21T12:09:04","guid":{"rendered":"https:\/\/www.tolosaldeaikt.eus\/neguko-espainiako-txapelketa-absolutoan-maila-politean-aritu-dira-gazteak\/"},"modified":"2018-11-22T13:55:43","modified_gmt":"2018-11-22T11:55:43","slug":"neguko-espainiako-txapelketa-absolutoan-maila-politean-aritu-dira-gazteak","status":"publish","type":"post","link":"https:\/\/www.tolosaldeaikt.eus\/es\/neguko-espainiako-txapelketa-absolutoan-maila-politean-aritu-dira-gazteak\/","title":{"rendered":"BUENOS RESULTADOS DE NUESTROS JOVENES EN EL CAMPEONATO DE ESPA\u00d1A ABOSLUTO DE INVIERNO"},"content":{"rendered":"<p>El pasado fin de semana 3 j\u00f3venes del equipo participaron en el campeonato de Espa\u00f1a absoluto de invierno que se celebr\u00f3 en Barcelona.<\/p>\n<p>En general obtuvieron muy buenos resultados, sobre todo teniendo en cuenta la \u00e9poca de entrenamiento en la que nos encontramos en este momento y que los objetivos de nuestra preparaci\u00f3n est\u00e1n enfocados para m\u00e1s adelante.<\/p>\n\n\t\t\t<style type='text\/css'>\n\t\t\t\t#gallery-1 {\n\t\t\t\t\tmargin: auto;\n\t\t\t\t}\n\t\t\t\t#gallery-1 .gallery-item {\n\t\t\t\t\tfloat: left;\n\t\t\t\t\tmargin-top: 10px;\n\t\t\t\t\ttext-align: center;\n\t\t\t\t\twidth: 33.33%;\n\t\t\t\t}\n\t\t\t\t#gallery-1 img {\n\t\t\t\t\tborder: 2px solid #cfcfcf;\n\t\t\t\t}\n\t\t\t\t#gallery-1 .gallery-caption {\n\t\t\t\t\tmargin-left: 0;\n\t\t\t\t}\n\t\t\t\t\/* see gallery_shortcode() in wp-includes\/media.php *\/\n\t\t\t<\/style>\n\t\t<div id='gallery-1' class='gallery galleryid-4134 gallery-columns-3 gallery-size-thumbnail '><dl class='gallery-item'>\n\t\t\t\t<dt class='gallery-icon landscape'>\n\t\t\t\t\t<a data-rel=\"prettyPhoto[sliders]\" href='https:\/\/www.tolosaldeaikt.eus\/es\/img-20181120-wa0005-2\/'><img loading=\"lazy\" decoding=\"async\" width=\"150\" height=\"150\" src=\"https:\/\/www.tolosaldeaikt.eus\/wp-content\/uploads\/2018\/11\/IMG-20181120-WA0005-150x150.jpg\" class=\"attachment-thumbnail size-thumbnail\" alt=\"\" srcset=\"https:\/\/www.tolosaldeaikt.eus\/wp-content\/uploads\/2018\/11\/IMG-20181120-WA0005-150x150.jpg 150w, https:\/\/www.tolosaldeaikt.eus\/wp-content\/uploads\/2018\/11\/IMG-20181120-WA0005-85x85.jpg 85w, https:\/\/www.tolosaldeaikt.eus\/wp-content\/uploads\/2018\/11\/IMG-20181120-WA0005-80x80.jpg 80w\" sizes=\"(max-width: 150px) 100vw, 150px\" \/><\/a>\n\t\t\t\t<\/dt><\/dl><dl class='gallery-item'>\n\t\t\t\t<dt class='gallery-icon landscape'>\n\t\t\t\t\t<a data-rel=\"prettyPhoto[sliders]\" href='https:\/\/www.tolosaldeaikt.eus\/es\/img-20181120-wa0004-2\/'><img loading=\"lazy\" decoding=\"async\" width=\"150\" height=\"150\" src=\"https:\/\/www.tolosaldeaikt.eus\/wp-content\/uploads\/2018\/11\/IMG-20181120-WA0004-150x150.jpg\" class=\"attachment-thumbnail size-thumbnail\" alt=\"\" srcset=\"https:\/\/www.tolosaldeaikt.eus\/wp-content\/uploads\/2018\/11\/IMG-20181120-WA0004-150x150.jpg 150w, https:\/\/www.tolosaldeaikt.eus\/wp-content\/uploads\/2018\/11\/IMG-20181120-WA0004-85x85.jpg 85w, https:\/\/www.tolosaldeaikt.eus\/wp-content\/uploads\/2018\/11\/IMG-20181120-WA0004-80x80.jpg 80w\" sizes=\"(max-width: 150px) 100vw, 150px\" \/><\/a>\n\t\t\t\t<\/dt><\/dl><dl class='gallery-item'>\n\t\t\t\t<dt class='gallery-icon landscape'>\n\t\t\t\t\t<a data-rel=\"prettyPhoto[sliders]\" href='https:\/\/www.tolosaldeaikt.eus\/es\/img-20181120-wa0003-2\/'><img loading=\"lazy\" decoding=\"async\" width=\"150\" height=\"150\" src=\"https:\/\/www.tolosaldeaikt.eus\/wp-content\/uploads\/2018\/11\/IMG-20181120-WA0003-150x150.jpg\" class=\"attachment-thumbnail size-thumbnail\" alt=\"\" srcset=\"https:\/\/www.tolosaldeaikt.eus\/wp-content\/uploads\/2018\/11\/IMG-20181120-WA0003-150x150.jpg 150w, https:\/\/www.tolosaldeaikt.eus\/wp-content\/uploads\/2018\/11\/IMG-20181120-WA0003-85x85.jpg 85w, https:\/\/www.tolosaldeaikt.eus\/wp-content\/uploads\/2018\/11\/IMG-20181120-WA0003-80x80.jpg 80w\" sizes=\"(max-width: 150px) 100vw, 150px\" \/><\/a>\n\t\t\t\t<\/dt><\/dl><br style=\"clear: both\" \/><dl class='gallery-item'>\n\t\t\t\t<dt class='gallery-icon landscape'>\n\t\t\t\t\t<a data-rel=\"prettyPhoto[sliders]\" href='https:\/\/www.tolosaldeaikt.eus\/es\/img-20181120-wa0002-2\/'><img loading=\"lazy\" decoding=\"async\" width=\"150\" height=\"150\" src=\"https:\/\/www.tolosaldeaikt.eus\/wp-content\/uploads\/2018\/11\/IMG-20181120-WA0002-150x150.jpg\" class=\"attachment-thumbnail size-thumbnail\" alt=\"\" srcset=\"https:\/\/www.tolosaldeaikt.eus\/wp-content\/uploads\/2018\/11\/IMG-20181120-WA0002-150x150.jpg 150w, https:\/\/www.tolosaldeaikt.eus\/wp-content\/uploads\/2018\/11\/IMG-20181120-WA0002-85x85.jpg 85w, https:\/\/www.tolosaldeaikt.eus\/wp-content\/uploads\/2018\/11\/IMG-20181120-WA0002-80x80.jpg 80w\" sizes=\"(max-width: 150px) 100vw, 150px\" \/><\/a>\n\t\t\t\t<\/dt><\/dl>\n\t\t\t\t<br style='clear: both' \/>\n\t\t\t<\/div>\n\n<p>La experiencia ha sido muy bonita y servir\u00e1 como un extra de motivaci\u00f3n\u00a0 a la hora de seguir trabajando para los pr\u00f3ximos objetivos.<\/p>\n<p>En el 50 Espalda Eneko Garmendia marco 26\u00bb41, quedando en la clasificaci\u00f3n general en el puesto 28 y el primero entre los nacidos en el 2002.<\/p>\n<p>En la prueba 100 Espalda Eneko Garmendia marco 57\u00bb51, quedando en la clasificaci\u00f3n general en el puesto 38 y Eneko Barriola marco 57\u00bb90 quedando en el puesto 46 de la clasificaci\u00f3n general.<\/p>\n<p>Eneko Barriola tambi\u00e9n particip\u00f3 en la prueba 200 Espalda con un registro de 2&#8217;05\u00bb50 y clasific\u00e1ndose en la posici\u00f3n 31 de la general.<\/p>\n<p>Naroa Erbiti fue la \u00fanica chica de la expedici\u00f3n. Particip\u00f3 en la prueba 100 braza\u00a0e hizo 1&#8217;18\u00bb64, clasific\u00e1ndose la 42\u00aa.<\/p>\n<p>Felicidades a los 3 por el gran trabajo realizado<\/p>\n","protected":false},"excerpt":{"rendered":"<p>El pasado fin de semana 3 j\u00f3venes del equipo participaron en el campeonato de Espa\u00f1a absoluto de invierno que se celebr\u00f3 en Barcelona. En general obtuvieron<span class=\"excerpt-hellip\"> [\u2026]<\/span><\/p>\n","protected":false},"author":2,"featured_media":4130,"comment_status":"closed","ping_status":"closed","sticky":false,"template":"","format":"standard","meta":{"_exactmetrics_skip_tracking":false,"_exactmetrics_sitenote_active":false,"_exactmetrics_sitenote_note":"","_exactmetrics_sitenote_category":0,"footnotes":""},"categories":[32],"tags":[],"yoast_head":"<!-- This site is optimized with the Yoast SEO plugin v22.5 - https:\/\/yoast.com\/wordpress\/plugins\/seo\/ -->\n<title>BUENOS RESULTADOS DE NUESTROS JOVENES EN EL CAMPEONATO DE ESPA\u00d1A ABOSLUTO DE INVIERNO - Tolosaldea IKT - Igeriketa Kirol Taldea<\/title>\n<meta name=\"robots\" content=\"index, follow, max-snippet:-1, max-image-preview:large, max-video-preview:-1\" \/>\n<link rel=\"canonical\" href=\"https:\/\/www.tolosaldeaikt.eus\/es\/neguko-espainiako-txapelketa-absolutoan-maila-politean-aritu-dira-gazteak\/\" \/>\n<meta property=\"og:locale\" content=\"es_ES\" \/>\n<meta property=\"og:type\" content=\"article\" \/>\n<meta property=\"og:title\" content=\"BUENOS RESULTADOS DE NUESTROS JOVENES EN EL CAMPEONATO DE ESPA\u00d1A ABOSLUTO DE INVIERNO - Tolosaldea IKT - Igeriketa Kirol Taldea\" \/>\n<meta property=\"og:description\" content=\"El pasado fin de semana 3 j\u00f3venes del equipo participaron en el campeonato de Espa\u00f1a absoluto de invierno que se celebr\u00f3 en Barcelona. En general obtuvieron [\u2026]\" \/>\n<meta property=\"og:url\" content=\"https:\/\/www.tolosaldeaikt.eus\/es\/neguko-espainiako-txapelketa-absolutoan-maila-politean-aritu-dira-gazteak\/\" \/>\n<meta property=\"og:site_name\" content=\"Tolosaldea IKT - Igeriketa Kirol Taldea\" \/>\n<meta property=\"article:publisher\" content=\"https:\/\/www.facebook.com\/tolosaldea.ikt\" \/>\n<meta property=\"article:published_time\" content=\"2018-11-21T12:09:04+00:00\" \/>\n<meta property=\"article:modified_time\" content=\"2018-11-22T11:55:43+00:00\" \/>\n<meta property=\"og:image\" content=\"https:\/\/www.tolosaldeaikt.eus\/wp-content\/uploads\/2018\/11\/IMG-20181120-WA0005.jpg\" \/>\n\t<meta property=\"og:image:width\" content=\"1600\" \/>\n\t<meta property=\"og:image:height\" content=\"1200\" \/>\n\t<meta property=\"og:image:type\" content=\"image\/jpeg\" \/>\n<meta name=\"author\" content=\"Nerea Pagola\" \/>\n<meta name=\"twitter:card\" content=\"summary_large_image\" \/>\n<meta name=\"twitter:creator\" content=\"@Tolosaldeaikt\" \/>\n<meta name=\"twitter:site\" content=\"@Tolosaldeaikt\" \/>\n<meta name=\"twitter:label1\" content=\"Escrito por\" \/>\n\t<meta name=\"twitter:data1\" content=\"Nerea Pagola\" \/>\n\t<meta name=\"twitter:label2\" content=\"Tiempo de lectura\" \/>\n\t<meta name=\"twitter:data2\" content=\"1 minuto\" \/>\n<!-- \/ Yoast SEO plugin. -->","yoast_head_json":{"title":"BUENOS RESULTADOS DE NUESTROS JOVENES EN EL CAMPEONATO DE ESPA\u00d1A ABOSLUTO DE INVIERNO - Tolosaldea IKT - Igeriketa Kirol Taldea","robots":{"index":"index","follow":"follow","max-snippet":"max-snippet:-1","max-image-preview":"max-image-preview:large","max-video-preview":"max-video-preview:-1"},"canonical":"https:\/\/www.tolosaldeaikt.eus\/es\/neguko-espainiako-txapelketa-absolutoan-maila-politean-aritu-dira-gazteak\/","og_locale":"es_ES","og_type":"article","og_title":"BUENOS RESULTADOS DE NUESTROS JOVENES EN EL CAMPEONATO DE ESPA\u00d1A ABOSLUTO DE INVIERNO - Tolosaldea IKT - Igeriketa Kirol Taldea","og_description":"El pasado fin de semana 3 j\u00f3venes del equipo participaron en el campeonato de Espa\u00f1a absoluto de invierno que se celebr\u00f3 en Barcelona. En general obtuvieron [\u2026]","og_url":"https:\/\/www.tolosaldeaikt.eus\/es\/neguko-espainiako-txapelketa-absolutoan-maila-politean-aritu-dira-gazteak\/","og_site_name":"Tolosaldea IKT - Igeriketa Kirol Taldea","article_publisher":"https:\/\/www.facebook.com\/tolosaldea.ikt","article_published_time":"2018-11-21T12:09:04+00:00","article_modified_time":"2018-11-22T11:55:43+00:00","og_image":[{"width":1600,"height":1200,"url":"https:\/\/www.tolosaldeaikt.eus\/wp-content\/uploads\/2018\/11\/IMG-20181120-WA0005.jpg","type":"image\/jpeg"}],"author":"Nerea Pagola","twitter_card":"summary_large_image","twitter_creator":"@Tolosaldeaikt","twitter_site":"@Tolosaldeaikt","twitter_misc":{"Escrito por":"Nerea Pagola","Tiempo de lectura":"1 minuto"},"schema":{"@context":"https:\/\/schema.org","@graph":[{"@type":"Article","@id":"https:\/\/www.tolosaldeaikt.eus\/es\/neguko-espainiako-txapelketa-absolutoan-maila-politean-aritu-dira-gazteak\/#article","isPartOf":{"@id":"https:\/\/www.tolosaldeaikt.eus\/es\/neguko-espainiako-txapelketa-absolutoan-maila-politean-aritu-dira-gazteak\/"},"author":{"name":"Nerea Pagola","@id":"https:\/\/www.tolosaldeaikt.eus\/es\/#\/schema\/person\/903db2dffa70fa5ae2f6e7675dd146b0"},"headline":"BUENOS RESULTADOS DE NUESTROS JOVENES EN EL CAMPEONATO DE ESPA\u00d1A ABOSLUTO DE INVIERNO","datePublished":"2018-11-21T12:09:04+00:00","dateModified":"2018-11-22T11:55:43+00:00","mainEntityOfPage":{"@id":"https:\/\/www.tolosaldeaikt.eus\/es\/neguko-espainiako-txapelketa-absolutoan-maila-politean-aritu-dira-gazteak\/"},"wordCount":213,"publisher":{"@id":"https:\/\/www.tolosaldeaikt.eus\/es\/#organization"},"image":{"@id":"https:\/\/www.tolosaldeaikt.eus\/es\/neguko-espainiako-txapelketa-absolutoan-maila-politean-aritu-dira-gazteak\/#primaryimage"},"thumbnailUrl":"https:\/\/www.tolosaldeaikt.eus\/wp-content\/uploads\/2018\/11\/IMG-20181120-WA0005.jpg","articleSection":["Club de nataci\u00f3n"],"inLanguage":"es"},{"@type":"WebPage","@id":"https:\/\/www.tolosaldeaikt.eus\/es\/neguko-espainiako-txapelketa-absolutoan-maila-politean-aritu-dira-gazteak\/","url":"https:\/\/www.tolosaldeaikt.eus\/es\/neguko-espainiako-txapelketa-absolutoan-maila-politean-aritu-dira-gazteak\/","name":"BUENOS RESULTADOS DE NUESTROS JOVENES EN EL CAMPEONATO DE ESPA\u00d1A ABOSLUTO DE INVIERNO - Tolosaldea IKT - Igeriketa Kirol Taldea","isPartOf":{"@id":"https:\/\/www.tolosaldeaikt.eus\/es\/#website"},"primaryImageOfPage":{"@id":"https:\/\/www.tolosaldeaikt.eus\/es\/neguko-espainiako-txapelketa-absolutoan-maila-politean-aritu-dira-gazteak\/#primaryimage"},"image":{"@id":"https:\/\/www.tolosaldeaikt.eus\/es\/neguko-espainiako-txapelketa-absolutoan-maila-politean-aritu-dira-gazteak\/#primaryimage"},"thumbnailUrl":"https:\/\/www.tolosaldeaikt.eus\/wp-content\/uploads\/2018\/11\/IMG-20181120-WA0005.jpg","datePublished":"2018-11-21T12:09:04+00:00","dateModified":"2018-11-22T11:55:43+00:00","breadcrumb":{"@id":"https:\/\/www.tolosaldeaikt.eus\/es\/neguko-espainiako-txapelketa-absolutoan-maila-politean-aritu-dira-gazteak\/#breadcrumb"},"inLanguage":"es","potentialAction":[{"@type":"ReadAction","target":["https:\/\/www.tolosaldeaikt.eus\/es\/neguko-espainiako-txapelketa-absolutoan-maila-politean-aritu-dira-gazteak\/"]}]},{"@type":"ImageObject","inLanguage":"es","@id":"https:\/\/www.tolosaldeaikt.eus\/es\/neguko-espainiako-txapelketa-absolutoan-maila-politean-aritu-dira-gazteak\/#primaryimage","url":"https:\/\/www.tolosaldeaikt.eus\/wp-content\/uploads\/2018\/11\/IMG-20181120-WA0005.jpg","contentUrl":"https:\/\/www.tolosaldeaikt.eus\/wp-content\/uploads\/2018\/11\/IMG-20181120-WA0005.jpg","width":1600,"height":1200},{"@type":"BreadcrumbList","@id":"https:\/\/www.tolosaldeaikt.eus\/es\/neguko-espainiako-txapelketa-absolutoan-maila-politean-aritu-dira-gazteak\/#breadcrumb","itemListElement":[{"@type":"ListItem","position":1,"name":"Home","item":"https:\/\/www.tolosaldeaikt.eus\/es\/"},{"@type":"ListItem","position":2,"name":"BUENOS RESULTADOS DE NUESTROS JOVENES EN EL CAMPEONATO DE ESPA\u00d1A ABOSLUTO DE INVIERNO"}]},{"@type":"WebSite","@id":"https:\/\/www.tolosaldeaikt.eus\/es\/#website","url":"https:\/\/www.tolosaldeaikt.eus\/es\/","name":"Tolosaldea IKT - Igeriketa Kirol Taldea","description":"Web de Tolosaldea Igeriketa Kirol Taldea. Informaci\u00f3n, noticias, competiciones, resultados, m\u00ednimas, series, y mucho en un click","publisher":{"@id":"https:\/\/www.tolosaldeaikt.eus\/es\/#organization"},"potentialAction":[{"@type":"SearchAction","target":{"@type":"EntryPoint","urlTemplate":"https:\/\/www.tolosaldeaikt.eus\/es\/?s={search_term_string}"},"query-input":"required name=search_term_string"}],"inLanguage":"es"},{"@type":"Organization","@id":"https:\/\/www.tolosaldeaikt.eus\/es\/#organization","name":"Tolosaldea IKT - Igeriketa Kirol Taldea","url":"https:\/\/www.tolosaldeaikt.eus\/es\/","logo":{"@type":"ImageObject","inLanguage":"es","@id":"https:\/\/www.tolosaldeaikt.eus\/es\/#\/schema\/logo\/image\/","url":"https:\/\/www.tolosaldeaikt.eus\/wp-content\/uploads\/2018\/12\/aurkezpena.jpg","contentUrl":"https:\/\/www.tolosaldeaikt.eus\/wp-content\/uploads\/2018\/12\/aurkezpena.jpg","width":1400,"height":800,"caption":"Tolosaldea IKT - Igeriketa Kirol Taldea"},"image":{"@id":"https:\/\/www.tolosaldeaikt.eus\/es\/#\/schema\/logo\/image\/"},"sameAs":["https:\/\/www.facebook.com\/tolosaldea.ikt","https:\/\/x.com\/Tolosaldeaikt"]},{"@type":"Person","@id":"https:\/\/www.tolosaldeaikt.eus\/es\/#\/schema\/person\/903db2dffa70fa5ae2f6e7675dd146b0","name":"Nerea Pagola","image":{"@type":"ImageObject","inLanguage":"es","@id":"https:\/\/www.tolosaldeaikt.eus\/es\/#\/schema\/person\/image\/","url":"https:\/\/secure.gravatar.com\/avatar\/0614cb8e226823a51327bf0e4c8a92b3","contentUrl":"https:\/\/secure.gravatar.com\/avatar\/0614cb8e226823a51327bf0e4c8a92b3","caption":"Nerea Pagola"}}]}},"_links":{"self":[{"href":"https:\/\/www.tolosaldeaikt.eus\/es\/wp-json\/wp\/v2\/posts\/4134"}],"collection":[{"href":"https:\/\/www.tolosaldeaikt.eus\/es\/wp-json\/wp\/v2\/posts"}],"about":[{"href":"https:\/\/www.tolosaldeaikt.eus\/es\/wp-json\/wp\/v2\/types\/post"}],"author":[{"embeddable":true,"href":"https:\/\/www.tolosaldeaikt.eus\/es\/wp-json\/wp\/v2\/users\/2"}],"replies":[{"embeddable":true,"href":"https:\/\/www.tolosaldeaikt.eus\/es\/wp-json\/wp\/v2\/comments?post=4134"}],"version-history":[{"count":2,"href":"https:\/\/www.tolosaldeaikt.eus\/es\/wp-json\/wp\/v2\/posts\/4134\/revisions"}],"predecessor-version":[{"id":4136,"href":"https:\/\/www.tolosaldeaikt.eus\/es\/wp-json\/wp\/v2\/posts\/4134\/revisions\/4136"}],"wp:featuredmedia":[{"embeddable":true,"href":"https:\/\/www.tolosaldeaikt.eus\/es\/wp-json\/wp\/v2\/media\/4130"}],"wp:attachment":[{"href":"https:\/\/www.tolosaldeaikt.eus\/es\/wp-json\/wp\/v2\/media?parent=4134"}],"wp:term":[{"taxonomy":"category","embeddable":true,"href":"https:\/\/www.tolosaldeaikt.eus\/es\/wp-json\/wp\/v2\/categories?post=4134"},{"taxonomy":"post_tag","embeddable":true,"href":"https:\/\/www.tolosaldeaikt.eus\/es\/wp-json\/wp\/v2\/tags?post=4134"}],"curies":[{"name":"wp","href":"https:\/\/api.w.org\/{rel}","templated":true}]}}