{"id":3728,"date":"2018-10-11T12:23:13","date_gmt":"2018-10-11T10:23:13","guid":{"rendered":"https:\/\/www.tolosaldeaikt.eus\/?p=3728"},"modified":"2018-11-07T12:39:16","modified_gmt":"2018-11-07T10:39:16","slug":"charlas-con-motivo-del-dia-del-club","status":"publish","type":"post","link":"https:\/\/www.tolosaldeaikt.eus\/es\/charlas-con-motivo-del-dia-del-club\/","title":{"rendered":"CHARLA DIRIGIDA A TODOS L@S NADADOR@S Y PADRES Y MADRES"},"content":{"rendered":"<p>Como en a\u00f1os anteriores alrededor del d\u00eda \u00a0Tolosaldea hemos organizado un par de charlas.<\/p>\n<p>El 9 de Noviembre, <strong>el ex nadador del club<\/strong>, atleta de \u00e9lite y componente de la selecci\u00f3n Espa\u00f1ola de marat\u00f3n <strong>IRAITZ ARROSPIDE<\/strong> ofrecer\u00e1 una charla sobre sus <strong>comienzos en el deporte de mano de la nataci\u00f3n en Villabona<\/strong>, el paso al atletismo, la experiencia en el extranjero y el deporte de\u00a0alto nivel que practica en este momento.<\/p>\n<p>La sesi\u00f3n esta dirigida\u00a0a <strong>todos l@s nadador@s del Tolosaldea<\/strong> y a todos los padres y madres. Ser\u00e1 en el <strong>salon de actos de la Ikastola Laskorain a las 18;00 horas, el viernes, 9 de Noviembre.<\/strong><\/p>\n<p>Por ello <strong>las clases del viernes se suspender\u00e1n a partir de las 17;00 horas y no habr\u00e1 sesi\u00f3n de agua.<\/strong><\/p>\n","protected":false},"excerpt":{"rendered":"<p>Como en a\u00f1os anteriores alrededor del d\u00eda \u00a0Tolosaldea hemos organizado un par de charlas. El 9 de Noviembre, el ex nadador del club, atleta de \u00e9lite<span class=\"excerpt-hellip\"> [\u2026]<\/span><\/p>\n","protected":false},"author":2,"featured_media":3726,"comment_status":"closed","ping_status":"closed","sticky":false,"template":"","format":"image","meta":{"_exactmetrics_skip_tracking":false,"_exactmetrics_sitenote_active":false,"_exactmetrics_sitenote_note":"","_exactmetrics_sitenote_category":0,"footnotes":""},"categories":[32,31,33],"tags":[],"yoast_head":"<!-- This site is optimized with the Yoast SEO plugin v22.5 - https:\/\/yoast.com\/wordpress\/plugins\/seo\/ -->\n<title>CHARLA DIRIGIDA A TODOS L@S NADADOR@S Y PADRES Y MADRES - Tolosaldea IKT - Igeriketa Kirol Taldea<\/title>\n<meta name=\"robots\" content=\"index, follow, max-snippet:-1, max-image-preview:large, max-video-preview:-1\" \/>\n<link rel=\"canonical\" href=\"https:\/\/www.tolosaldeaikt.eus\/es\/charlas-con-motivo-del-dia-del-club\/\" \/>\n<meta property=\"og:locale\" content=\"es_ES\" \/>\n<meta property=\"og:type\" content=\"article\" \/>\n<meta property=\"og:title\" content=\"CHARLA DIRIGIDA A TODOS L@S NADADOR@S Y PADRES Y MADRES - Tolosaldea IKT - Igeriketa Kirol Taldea\" \/>\n<meta property=\"og:description\" content=\"Como en a\u00f1os anteriores alrededor del d\u00eda \u00a0Tolosaldea hemos organizado un par de charlas. El 9 de Noviembre, el ex nadador del club, atleta de \u00e9lite [\u2026]\" \/>\n<meta property=\"og:url\" content=\"https:\/\/www.tolosaldeaikt.eus\/es\/charlas-con-motivo-del-dia-del-club\/\" \/>\n<meta property=\"og:site_name\" content=\"Tolosaldea IKT - Igeriketa Kirol Taldea\" \/>\n<meta property=\"article:publisher\" content=\"https:\/\/www.facebook.com\/tolosaldea.ikt\" \/>\n<meta property=\"article:published_time\" content=\"2018-10-11T10:23:13+00:00\" \/>\n<meta property=\"article:modified_time\" content=\"2018-11-07T10:39:16+00:00\" \/>\n<meta property=\"og:image\" content=\"https:\/\/www.tolosaldeaikt.eus\/wp-content\/uploads\/2018\/10\/FB_IMG_1539252293405.jpg\" \/>\n\t<meta property=\"og:image:width\" content=\"720\" \/>\n\t<meta property=\"og:image:height\" content=\"898\" \/>\n\t<meta property=\"og:image:type\" content=\"image\/jpeg\" \/>\n<meta name=\"author\" content=\"Nerea Pagola\" \/>\n<meta name=\"twitter:card\" content=\"summary_large_image\" \/>\n<meta name=\"twitter:creator\" content=\"@Tolosaldeaikt\" \/>\n<meta name=\"twitter:site\" content=\"@Tolosaldeaikt\" \/>\n<meta name=\"twitter:label1\" content=\"Escrito por\" \/>\n\t<meta name=\"twitter:data1\" content=\"Nerea Pagola\" \/>\n\t<meta name=\"twitter:label2\" content=\"Tiempo de lectura\" \/>\n\t<meta name=\"twitter:data2\" content=\"1 minuto\" \/>\n<!-- \/ Yoast SEO plugin. -->","yoast_head_json":{"title":"CHARLA DIRIGIDA A TODOS L@S NADADOR@S Y PADRES Y MADRES - Tolosaldea IKT - Igeriketa Kirol Taldea","robots":{"index":"index","follow":"follow","max-snippet":"max-snippet:-1","max-image-preview":"max-image-preview:large","max-video-preview":"max-video-preview:-1"},"canonical":"https:\/\/www.tolosaldeaikt.eus\/es\/charlas-con-motivo-del-dia-del-club\/","og_locale":"es_ES","og_type":"article","og_title":"CHARLA DIRIGIDA A TODOS L@S NADADOR@S Y PADRES Y MADRES - Tolosaldea IKT - Igeriketa Kirol Taldea","og_description":"Como en a\u00f1os anteriores alrededor del d\u00eda \u00a0Tolosaldea hemos organizado un par de charlas. El 9 de Noviembre, el ex nadador del club, atleta de \u00e9lite [\u2026]","og_url":"https:\/\/www.tolosaldeaikt.eus\/es\/charlas-con-motivo-del-dia-del-club\/","og_site_name":"Tolosaldea IKT - Igeriketa Kirol Taldea","article_publisher":"https:\/\/www.facebook.com\/tolosaldea.ikt","article_published_time":"2018-10-11T10:23:13+00:00","article_modified_time":"2018-11-07T10:39:16+00:00","og_image":[{"width":720,"height":898,"url":"https:\/\/www.tolosaldeaikt.eus\/wp-content\/uploads\/2018\/10\/FB_IMG_1539252293405.jpg","type":"image\/jpeg"}],"author":"Nerea Pagola","twitter_card":"summary_large_image","twitter_creator":"@Tolosaldeaikt","twitter_site":"@Tolosaldeaikt","twitter_misc":{"Escrito por":"Nerea Pagola","Tiempo de lectura":"1 minuto"},"schema":{"@context":"https:\/\/schema.org","@graph":[{"@type":"Article","@id":"https:\/\/www.tolosaldeaikt.eus\/es\/charlas-con-motivo-del-dia-del-club\/#article","isPartOf":{"@id":"https:\/\/www.tolosaldeaikt.eus\/es\/charlas-con-motivo-del-dia-del-club\/"},"author":{"name":"Nerea Pagola","@id":"https:\/\/www.tolosaldeaikt.eus\/es\/#\/schema\/person\/903db2dffa70fa5ae2f6e7675dd146b0"},"headline":"CHARLA DIRIGIDA A TODOS L@S NADADOR@S Y PADRES Y MADRES","datePublished":"2018-10-11T10:23:13+00:00","dateModified":"2018-11-07T10:39:16+00:00","mainEntityOfPage":{"@id":"https:\/\/www.tolosaldeaikt.eus\/es\/charlas-con-motivo-del-dia-del-club\/"},"wordCount":147,"publisher":{"@id":"https:\/\/www.tolosaldeaikt.eus\/es\/#organization"},"image":{"@id":"https:\/\/www.tolosaldeaikt.eus\/es\/charlas-con-motivo-del-dia-del-club\/#primaryimage"},"thumbnailUrl":"https:\/\/www.tolosaldeaikt.eus\/wp-content\/uploads\/2018\/10\/FB_IMG_1539252293405.jpg","articleSection":["Club de nataci\u00f3n","Escuela de nataci\u00f3n","Grupo Masters"],"inLanguage":"es"},{"@type":"WebPage","@id":"https:\/\/www.tolosaldeaikt.eus\/es\/charlas-con-motivo-del-dia-del-club\/","url":"https:\/\/www.tolosaldeaikt.eus\/es\/charlas-con-motivo-del-dia-del-club\/","name":"CHARLA DIRIGIDA A TODOS L@S NADADOR@S Y PADRES Y MADRES - Tolosaldea IKT - Igeriketa Kirol Taldea","isPartOf":{"@id":"https:\/\/www.tolosaldeaikt.eus\/es\/#website"},"primaryImageOfPage":{"@id":"https:\/\/www.tolosaldeaikt.eus\/es\/charlas-con-motivo-del-dia-del-club\/#primaryimage"},"image":{"@id":"https:\/\/www.tolosaldeaikt.eus\/es\/charlas-con-motivo-del-dia-del-club\/#primaryimage"},"thumbnailUrl":"https:\/\/www.tolosaldeaikt.eus\/wp-content\/uploads\/2018\/10\/FB_IMG_1539252293405.jpg","datePublished":"2018-10-11T10:23:13+00:00","dateModified":"2018-11-07T10:39:16+00:00","breadcrumb":{"@id":"https:\/\/www.tolosaldeaikt.eus\/es\/charlas-con-motivo-del-dia-del-club\/#breadcrumb"},"inLanguage":"es","potentialAction":[{"@type":"ReadAction","target":["https:\/\/www.tolosaldeaikt.eus\/es\/charlas-con-motivo-del-dia-del-club\/"]}]},{"@type":"ImageObject","inLanguage":"es","@id":"https:\/\/www.tolosaldeaikt.eus\/es\/charlas-con-motivo-del-dia-del-club\/#primaryimage","url":"https:\/\/www.tolosaldeaikt.eus\/wp-content\/uploads\/2018\/10\/FB_IMG_1539252293405.jpg","contentUrl":"https:\/\/www.tolosaldeaikt.eus\/wp-content\/uploads\/2018\/10\/FB_IMG_1539252293405.jpg","width":720,"height":898},{"@type":"BreadcrumbList","@id":"https:\/\/www.tolosaldeaikt.eus\/es\/charlas-con-motivo-del-dia-del-club\/#breadcrumb","itemListElement":[{"@type":"ListItem","position":1,"name":"Home","item":"https:\/\/www.tolosaldeaikt.eus\/es\/"},{"@type":"ListItem","position":2,"name":"CHARLA DIRIGIDA A TODOS L@S NADADOR@S Y PADRES Y MADRES"}]},{"@type":"WebSite","@id":"https:\/\/www.tolosaldeaikt.eus\/es\/#website","url":"https:\/\/www.tolosaldeaikt.eus\/es\/","name":"Tolosaldea IKT - Igeriketa Kirol Taldea","description":"Web de Tolosaldea Igeriketa Kirol Taldea. Informaci\u00f3n, noticias, competiciones, resultados, m\u00ednimas, series, y mucho en un click","publisher":{"@id":"https:\/\/www.tolosaldeaikt.eus\/es\/#organization"},"potentialAction":[{"@type":"SearchAction","target":{"@type":"EntryPoint","urlTemplate":"https:\/\/www.tolosaldeaikt.eus\/es\/?s={search_term_string}"},"query-input":"required name=search_term_string"}],"inLanguage":"es"},{"@type":"Organization","@id":"https:\/\/www.tolosaldeaikt.eus\/es\/#organization","name":"Tolosaldea IKT - Igeriketa Kirol Taldea","url":"https:\/\/www.tolosaldeaikt.eus\/es\/","logo":{"@type":"ImageObject","inLanguage":"es","@id":"https:\/\/www.tolosaldeaikt.eus\/es\/#\/schema\/logo\/image\/","url":"https:\/\/www.tolosaldeaikt.eus\/wp-content\/uploads\/2018\/12\/aurkezpena.jpg","contentUrl":"https:\/\/www.tolosaldeaikt.eus\/wp-content\/uploads\/2018\/12\/aurkezpena.jpg","width":1400,"height":800,"caption":"Tolosaldea IKT - Igeriketa Kirol Taldea"},"image":{"@id":"https:\/\/www.tolosaldeaikt.eus\/es\/#\/schema\/logo\/image\/"},"sameAs":["https:\/\/www.facebook.com\/tolosaldea.ikt","https:\/\/x.com\/Tolosaldeaikt"]},{"@type":"Person","@id":"https:\/\/www.tolosaldeaikt.eus\/es\/#\/schema\/person\/903db2dffa70fa5ae2f6e7675dd146b0","name":"Nerea Pagola","image":{"@type":"ImageObject","inLanguage":"es","@id":"https:\/\/www.tolosaldeaikt.eus\/es\/#\/schema\/person\/image\/","url":"https:\/\/secure.gravatar.com\/avatar\/0614cb8e226823a51327bf0e4c8a92b3","contentUrl":"https:\/\/secure.gravatar.com\/avatar\/0614cb8e226823a51327bf0e4c8a92b3","caption":"Nerea Pagola"}}]}},"_links":{"self":[{"href":"https:\/\/www.tolosaldeaikt.eus\/es\/wp-json\/wp\/v2\/posts\/3728"}],"collection":[{"href":"https:\/\/www.tolosaldeaikt.eus\/es\/wp-json\/wp\/v2\/posts"}],"about":[{"href":"https:\/\/www.tolosaldeaikt.eus\/es\/wp-json\/wp\/v2\/types\/post"}],"author":[{"embeddable":true,"href":"https:\/\/www.tolosaldeaikt.eus\/es\/wp-json\/wp\/v2\/users\/2"}],"replies":[{"embeddable":true,"href":"https:\/\/www.tolosaldeaikt.eus\/es\/wp-json\/wp\/v2\/comments?post=3728"}],"version-history":[{"count":7,"href":"https:\/\/www.tolosaldeaikt.eus\/es\/wp-json\/wp\/v2\/posts\/3728\/revisions"}],"predecessor-version":[{"id":4092,"href":"https:\/\/www.tolosaldeaikt.eus\/es\/wp-json\/wp\/v2\/posts\/3728\/revisions\/4092"}],"wp:featuredmedia":[{"embeddable":true,"href":"https:\/\/www.tolosaldeaikt.eus\/es\/wp-json\/wp\/v2\/media\/3726"}],"wp:attachment":[{"href":"https:\/\/www.tolosaldeaikt.eus\/es\/wp-json\/wp\/v2\/media?parent=3728"}],"wp:term":[{"taxonomy":"category","embeddable":true,"href":"https:\/\/www.tolosaldeaikt.eus\/es\/wp-json\/wp\/v2\/categories?post=3728"},{"taxonomy":"post_tag","embeddable":true,"href":"https:\/\/www.tolosaldeaikt.eus\/es\/wp-json\/wp\/v2\/tags?post=3728"}],"curies":[{"name":"wp","href":"https:\/\/api.w.org\/{rel}","templated":true}]}}