{"id":2463,"date":"2017-11-14T13:18:34","date_gmt":"2017-11-14T11:18:34","guid":{"rendered":"https:\/\/www.tolosaldeaikt.eus\/benjamin-eta-alebinen-liga-jardunaldi-polita\/"},"modified":"2018-01-11T20:43:19","modified_gmt":"2018-01-11T18:43:19","slug":"bonita-jornada-de-liga-benjamin-y-alevin","status":"publish","type":"post","link":"https:\/\/www.tolosaldeaikt.eus\/es\/bonita-jornada-de-liga-benjamin-y-alevin\/","title":{"rendered":"Bonita jornada de liga benjamin y alev\u00edn"},"content":{"rendered":"<p>El pasado s\u00e1bado, d\u00eda 11 de Noviembre se celebr\u00f3 en Andoain la primera jornada de liga benjam\u00edn y la segunda alev\u00edn, una tarde importante para los m\u00e1s j\u00f3venes de nuestra escuela.<br \/>\nEn general, la tarde fue muy bien, pudimos ver detalles muy bonitos y estilos muy elegantes en el nado. Los nadadores tambi\u00e9n se retiraron con buena sensaci\u00f3n y contentos a casa.<br \/>\nEsta fue una de las primeras competiciones para los nacidos en el 2008 y 2009 y comprobamos el gran salto que han dado. Los mas j\u00f3venes no solo nadaron muy bien, tambi\u00e9n nos demostraron que saben estar y comportarse en las ocasiones mas comprometidas.<\/p>\n<p>Los benjamines mas mayores en cambio participaron en pruebas mas largas y algunos adem\u00e1s en mas de una prueba. Realizaron muy bien las distancias correspondientes al estilo libre y tambi\u00e9n la de espalda, que al ser m\u00e1s corta nadaron con muy buen ritmo. Para acabar su jornada participaron en el emocionante relevo el cual tambi\u00e9n fue a espalda.<br \/>\nCuando termino la jornada benjam\u00edn comenz\u00f3 la segunda jornada alev\u00edn. Los nadadores compitieron en 200 espalda y 100 braza. En general los pudimos ver con m\u00e1s ritmo que en la primera jornada, ya que poco a poco van acumulando m\u00e1s semanas de trabajo. Lo m\u00e1s destacado de la tarde fue el relevo 8&#215;50 libre misto, el cual fue muy re\u00f1ido y muy emocionante, ganando los nuestros por poca diferencia.<\/p>\n<p>Bonita tarde la que pasamos en Andoain, disfrutamos de estilos de nado muy trabajados y elegantes y en general de muy buen ambiente y una actitud ejemplares. Nos queda seguir trabajando en la misma l\u00ednea para los siguientes retos que ser\u00e1n el 3 y 23 de Diciembre.<\/p>\n\n\t\t\t<style type='text\/css'>\n\t\t\t\t#gallery-1 {\n\t\t\t\t\tmargin: auto;\n\t\t\t\t}\n\t\t\t\t#gallery-1 .gallery-item {\n\t\t\t\t\tfloat: left;\n\t\t\t\t\tmargin-top: 10px;\n\t\t\t\t\ttext-align: center;\n\t\t\t\t\twidth: 33.33%;\n\t\t\t\t}\n\t\t\t\t#gallery-1 img {\n\t\t\t\t\tborder: 2px solid #cfcfcf;\n\t\t\t\t}\n\t\t\t\t#gallery-1 .gallery-caption {\n\t\t\t\t\tmargin-left: 0;\n\t\t\t\t}\n\t\t\t\t\/* see gallery_shortcode() in wp-includes\/media.php *\/\n\t\t\t<\/style>\n\t\t<div id='gallery-1' class='gallery galleryid-2463 gallery-columns-3 gallery-size-medium file'><dl class='gallery-item'>\n\t\t\t\t<dt class='gallery-icon landscape'>\n\t\t\t\t\t<a data-rel=\"prettyPhoto[sliders]\" href='https:\/\/www.tolosaldeaikt.eus\/wp-content\/uploads\/2017\/11\/IMG_20171111_204100.jpg'><img loading=\"lazy\" decoding=\"async\" width=\"300\" height=\"168\" src=\"https:\/\/www.tolosaldeaikt.eus\/wp-content\/uploads\/2017\/11\/IMG_20171111_204100-300x168.jpg\" class=\"attachment-medium size-medium\" alt=\"\" srcset=\"https:\/\/www.tolosaldeaikt.eus\/wp-content\/uploads\/2017\/11\/IMG_20171111_204100-300x168.jpg 300w, https:\/\/www.tolosaldeaikt.eus\/wp-content\/uploads\/2017\/11\/IMG_20171111_204100-768x431.jpg 768w, https:\/\/www.tolosaldeaikt.eus\/wp-content\/uploads\/2017\/11\/IMG_20171111_204100-1024x575.jpg 1024w, https:\/\/www.tolosaldeaikt.eus\/wp-content\/uploads\/2017\/11\/IMG_20171111_204100-260x146.jpg 260w, https:\/\/www.tolosaldeaikt.eus\/wp-content\/uploads\/2017\/11\/IMG_20171111_204100-50x28.jpg 50w, https:\/\/www.tolosaldeaikt.eus\/wp-content\/uploads\/2017\/11\/IMG_20171111_204100-134x75.jpg 134w, https:\/\/www.tolosaldeaikt.eus\/wp-content\/uploads\/2017\/11\/IMG_20171111_204100.jpg 1920w\" sizes=\"(max-width: 300px) 100vw, 300px\" \/><\/a>\n\t\t\t\t<\/dt><\/dl><dl class='gallery-item'>\n\t\t\t\t<dt class='gallery-icon landscape'>\n\t\t\t\t\t<a data-rel=\"prettyPhoto[sliders]\" href='https:\/\/www.tolosaldeaikt.eus\/wp-content\/uploads\/2017\/11\/IMG_20171111_162304.jpg'><img loading=\"lazy\" decoding=\"async\" width=\"300\" height=\"168\" src=\"https:\/\/www.tolosaldeaikt.eus\/wp-content\/uploads\/2017\/11\/IMG_20171111_162304-300x168.jpg\" class=\"attachment-medium size-medium\" alt=\"\" srcset=\"https:\/\/www.tolosaldeaikt.eus\/wp-content\/uploads\/2017\/11\/IMG_20171111_162304-300x168.jpg 300w, https:\/\/www.tolosaldeaikt.eus\/wp-content\/uploads\/2017\/11\/IMG_20171111_162304-768x431.jpg 768w, https:\/\/www.tolosaldeaikt.eus\/wp-content\/uploads\/2017\/11\/IMG_20171111_162304-1024x575.jpg 1024w, https:\/\/www.tolosaldeaikt.eus\/wp-content\/uploads\/2017\/11\/IMG_20171111_162304-260x146.jpg 260w, https:\/\/www.tolosaldeaikt.eus\/wp-content\/uploads\/2017\/11\/IMG_20171111_162304-50x28.jpg 50w, https:\/\/www.tolosaldeaikt.eus\/wp-content\/uploads\/2017\/11\/IMG_20171111_162304-134x75.jpg 134w, https:\/\/www.tolosaldeaikt.eus\/wp-content\/uploads\/2017\/11\/IMG_20171111_162304.jpg 1920w\" sizes=\"(max-width: 300px) 100vw, 300px\" \/><\/a>\n\t\t\t\t<\/dt><\/dl><dl class='gallery-item'>\n\t\t\t\t<dt class='gallery-icon landscape'>\n\t\t\t\t\t<a data-rel=\"prettyPhoto[sliders]\" href='https:\/\/www.tolosaldeaikt.eus\/wp-content\/uploads\/2017\/11\/IMG_20171111_180628.jpg'><img loading=\"lazy\" decoding=\"async\" width=\"300\" height=\"168\" src=\"https:\/\/www.tolosaldeaikt.eus\/wp-content\/uploads\/2017\/11\/IMG_20171111_180628-300x168.jpg\" class=\"attachment-medium size-medium\" alt=\"\" srcset=\"https:\/\/www.tolosaldeaikt.eus\/wp-content\/uploads\/2017\/11\/IMG_20171111_180628-300x168.jpg 300w, https:\/\/www.tolosaldeaikt.eus\/wp-content\/uploads\/2017\/11\/IMG_20171111_180628-768x431.jpg 768w, https:\/\/www.tolosaldeaikt.eus\/wp-content\/uploads\/2017\/11\/IMG_20171111_180628-1024x575.jpg 1024w, https:\/\/www.tolosaldeaikt.eus\/wp-content\/uploads\/2017\/11\/IMG_20171111_180628-260x146.jpg 260w, https:\/\/www.tolosaldeaikt.eus\/wp-content\/uploads\/2017\/11\/IMG_20171111_180628-50x28.jpg 50w, https:\/\/www.tolosaldeaikt.eus\/wp-content\/uploads\/2017\/11\/IMG_20171111_180628-134x75.jpg 134w, https:\/\/www.tolosaldeaikt.eus\/wp-content\/uploads\/2017\/11\/IMG_20171111_180628.jpg 1920w\" sizes=\"(max-width: 300px) 100vw, 300px\" \/><\/a>\n\t\t\t\t<\/dt><\/dl><br style=\"clear: both\" \/>\n\t\t\t<\/div>\n\n","protected":false},"excerpt":{"rendered":"<p>El pasado s\u00e1bado, d\u00eda 11 de Noviembre se celebr\u00f3 en Andoain la primera jornada de liga benjam\u00edn y la segunda alev\u00edn, una tarde importante para los<span class=\"excerpt-hellip\"> [\u2026]<\/span><\/p>\n","protected":false},"author":2,"featured_media":2859,"comment_status":"closed","ping_status":"closed","sticky":false,"template":"","format":"standard","meta":{"_exactmetrics_skip_tracking":false,"_exactmetrics_sitenote_active":false,"_exactmetrics_sitenote_note":"","_exactmetrics_sitenote_category":0,"footnotes":""},"categories":[31],"tags":[],"yoast_head":"<!-- This site is optimized with the Yoast SEO plugin v22.5 - https:\/\/yoast.com\/wordpress\/plugins\/seo\/ -->\n<title>Bonita jornada de liga benjamin y alev\u00edn - Tolosaldea IKT - Igeriketa Kirol Taldea<\/title>\n<meta name=\"robots\" content=\"index, follow, max-snippet:-1, max-image-preview:large, max-video-preview:-1\" \/>\n<link rel=\"canonical\" href=\"https:\/\/www.tolosaldeaikt.eus\/es\/bonita-jornada-de-liga-benjamin-y-alevin\/\" \/>\n<meta property=\"og:locale\" content=\"es_ES\" \/>\n<meta property=\"og:type\" content=\"article\" \/>\n<meta property=\"og:title\" content=\"Bonita jornada de liga benjamin y alev\u00edn - Tolosaldea IKT - Igeriketa Kirol Taldea\" \/>\n<meta property=\"og:description\" content=\"El pasado s\u00e1bado, d\u00eda 11 de Noviembre se celebr\u00f3 en Andoain la primera jornada de liga benjam\u00edn y la segunda alev\u00edn, una tarde importante para los [\u2026]\" \/>\n<meta property=\"og:url\" content=\"https:\/\/www.tolosaldeaikt.eus\/es\/bonita-jornada-de-liga-benjamin-y-alevin\/\" \/>\n<meta property=\"og:site_name\" content=\"Tolosaldea IKT - Igeriketa Kirol Taldea\" \/>\n<meta property=\"article:publisher\" content=\"https:\/\/www.facebook.com\/tolosaldea.ikt\" \/>\n<meta property=\"article:published_time\" content=\"2017-11-14T11:18:34+00:00\" \/>\n<meta property=\"article:modified_time\" content=\"2018-01-11T18:43:19+00:00\" \/>\n<meta property=\"og:image\" content=\"https:\/\/www.tolosaldeaikt.eus\/wp-content\/uploads\/2017\/11\/IMG_20171111_162304.jpg\" \/>\n\t<meta property=\"og:image:width\" content=\"1920\" \/>\n\t<meta property=\"og:image:height\" content=\"1078\" \/>\n\t<meta property=\"og:image:type\" content=\"image\/jpeg\" \/>\n<meta name=\"author\" content=\"Nerea Pagola\" \/>\n<meta name=\"twitter:card\" content=\"summary_large_image\" \/>\n<meta name=\"twitter:creator\" content=\"@Tolosaldeaikt\" \/>\n<meta name=\"twitter:site\" content=\"@Tolosaldeaikt\" \/>\n<meta name=\"twitter:label1\" content=\"Escrito por\" \/>\n\t<meta name=\"twitter:data1\" content=\"Nerea Pagola\" \/>\n\t<meta name=\"twitter:label2\" content=\"Tiempo de lectura\" \/>\n\t<meta name=\"twitter:data2\" content=\"2 minutos\" \/>\n<!-- \/ Yoast SEO plugin. -->","yoast_head_json":{"title":"Bonita jornada de liga benjamin y alev\u00edn - Tolosaldea IKT - Igeriketa Kirol Taldea","robots":{"index":"index","follow":"follow","max-snippet":"max-snippet:-1","max-image-preview":"max-image-preview:large","max-video-preview":"max-video-preview:-1"},"canonical":"https:\/\/www.tolosaldeaikt.eus\/es\/bonita-jornada-de-liga-benjamin-y-alevin\/","og_locale":"es_ES","og_type":"article","og_title":"Bonita jornada de liga benjamin y alev\u00edn - Tolosaldea IKT - Igeriketa Kirol Taldea","og_description":"El pasado s\u00e1bado, d\u00eda 11 de Noviembre se celebr\u00f3 en Andoain la primera jornada de liga benjam\u00edn y la segunda alev\u00edn, una tarde importante para los [\u2026]","og_url":"https:\/\/www.tolosaldeaikt.eus\/es\/bonita-jornada-de-liga-benjamin-y-alevin\/","og_site_name":"Tolosaldea IKT - Igeriketa Kirol Taldea","article_publisher":"https:\/\/www.facebook.com\/tolosaldea.ikt","article_published_time":"2017-11-14T11:18:34+00:00","article_modified_time":"2018-01-11T18:43:19+00:00","og_image":[{"width":1920,"height":1078,"url":"https:\/\/www.tolosaldeaikt.eus\/wp-content\/uploads\/2017\/11\/IMG_20171111_162304.jpg","type":"image\/jpeg"}],"author":"Nerea Pagola","twitter_card":"summary_large_image","twitter_creator":"@Tolosaldeaikt","twitter_site":"@Tolosaldeaikt","twitter_misc":{"Escrito por":"Nerea Pagola","Tiempo de lectura":"2 minutos"},"schema":{"@context":"https:\/\/schema.org","@graph":[{"@type":"Article","@id":"https:\/\/www.tolosaldeaikt.eus\/es\/bonita-jornada-de-liga-benjamin-y-alevin\/#article","isPartOf":{"@id":"https:\/\/www.tolosaldeaikt.eus\/es\/bonita-jornada-de-liga-benjamin-y-alevin\/"},"author":{"name":"Nerea Pagola","@id":"https:\/\/www.tolosaldeaikt.eus\/es\/#\/schema\/person\/903db2dffa70fa5ae2f6e7675dd146b0"},"headline":"Bonita jornada de liga benjamin y alev\u00edn","datePublished":"2017-11-14T11:18:34+00:00","dateModified":"2018-01-11T18:43:19+00:00","mainEntityOfPage":{"@id":"https:\/\/www.tolosaldeaikt.eus\/es\/bonita-jornada-de-liga-benjamin-y-alevin\/"},"wordCount":309,"publisher":{"@id":"https:\/\/www.tolosaldeaikt.eus\/es\/#organization"},"image":{"@id":"https:\/\/www.tolosaldeaikt.eus\/es\/bonita-jornada-de-liga-benjamin-y-alevin\/#primaryimage"},"thumbnailUrl":"https:\/\/www.tolosaldeaikt.eus\/wp-content\/uploads\/2017\/11\/IMG_20171111_162304.jpg","articleSection":["Escuela de nataci\u00f3n"],"inLanguage":"es"},{"@type":"WebPage","@id":"https:\/\/www.tolosaldeaikt.eus\/es\/bonita-jornada-de-liga-benjamin-y-alevin\/","url":"https:\/\/www.tolosaldeaikt.eus\/es\/bonita-jornada-de-liga-benjamin-y-alevin\/","name":"Bonita jornada de liga benjamin y alev\u00edn - Tolosaldea IKT - Igeriketa Kirol Taldea","isPartOf":{"@id":"https:\/\/www.tolosaldeaikt.eus\/es\/#website"},"primaryImageOfPage":{"@id":"https:\/\/www.tolosaldeaikt.eus\/es\/bonita-jornada-de-liga-benjamin-y-alevin\/#primaryimage"},"image":{"@id":"https:\/\/www.tolosaldeaikt.eus\/es\/bonita-jornada-de-liga-benjamin-y-alevin\/#primaryimage"},"thumbnailUrl":"https:\/\/www.tolosaldeaikt.eus\/wp-content\/uploads\/2017\/11\/IMG_20171111_162304.jpg","datePublished":"2017-11-14T11:18:34+00:00","dateModified":"2018-01-11T18:43:19+00:00","breadcrumb":{"@id":"https:\/\/www.tolosaldeaikt.eus\/es\/bonita-jornada-de-liga-benjamin-y-alevin\/#breadcrumb"},"inLanguage":"es","potentialAction":[{"@type":"ReadAction","target":["https:\/\/www.tolosaldeaikt.eus\/es\/bonita-jornada-de-liga-benjamin-y-alevin\/"]}]},{"@type":"ImageObject","inLanguage":"es","@id":"https:\/\/www.tolosaldeaikt.eus\/es\/bonita-jornada-de-liga-benjamin-y-alevin\/#primaryimage","url":"https:\/\/www.tolosaldeaikt.eus\/wp-content\/uploads\/2017\/11\/IMG_20171111_162304.jpg","contentUrl":"https:\/\/www.tolosaldeaikt.eus\/wp-content\/uploads\/2017\/11\/IMG_20171111_162304.jpg","width":1920,"height":1078},{"@type":"BreadcrumbList","@id":"https:\/\/www.tolosaldeaikt.eus\/es\/bonita-jornada-de-liga-benjamin-y-alevin\/#breadcrumb","itemListElement":[{"@type":"ListItem","position":1,"name":"Home","item":"https:\/\/www.tolosaldeaikt.eus\/es\/"},{"@type":"ListItem","position":2,"name":"Bonita jornada de liga benjamin y alev\u00edn"}]},{"@type":"WebSite","@id":"https:\/\/www.tolosaldeaikt.eus\/es\/#website","url":"https:\/\/www.tolosaldeaikt.eus\/es\/","name":"Tolosaldea IKT - Igeriketa Kirol Taldea","description":"Web de Tolosaldea Igeriketa Kirol Taldea. Informaci\u00f3n, noticias, competiciones, resultados, m\u00ednimas, series, y mucho en un click","publisher":{"@id":"https:\/\/www.tolosaldeaikt.eus\/es\/#organization"},"potentialAction":[{"@type":"SearchAction","target":{"@type":"EntryPoint","urlTemplate":"https:\/\/www.tolosaldeaikt.eus\/es\/?s={search_term_string}"},"query-input":"required name=search_term_string"}],"inLanguage":"es"},{"@type":"Organization","@id":"https:\/\/www.tolosaldeaikt.eus\/es\/#organization","name":"Tolosaldea IKT - Igeriketa Kirol Taldea","url":"https:\/\/www.tolosaldeaikt.eus\/es\/","logo":{"@type":"ImageObject","inLanguage":"es","@id":"https:\/\/www.tolosaldeaikt.eus\/es\/#\/schema\/logo\/image\/","url":"https:\/\/www.tolosaldeaikt.eus\/wp-content\/uploads\/2018\/12\/aurkezpena.jpg","contentUrl":"https:\/\/www.tolosaldeaikt.eus\/wp-content\/uploads\/2018\/12\/aurkezpena.jpg","width":1400,"height":800,"caption":"Tolosaldea IKT - Igeriketa Kirol Taldea"},"image":{"@id":"https:\/\/www.tolosaldeaikt.eus\/es\/#\/schema\/logo\/image\/"},"sameAs":["https:\/\/www.facebook.com\/tolosaldea.ikt","https:\/\/x.com\/Tolosaldeaikt"]},{"@type":"Person","@id":"https:\/\/www.tolosaldeaikt.eus\/es\/#\/schema\/person\/903db2dffa70fa5ae2f6e7675dd146b0","name":"Nerea Pagola","image":{"@type":"ImageObject","inLanguage":"es","@id":"https:\/\/www.tolosaldeaikt.eus\/es\/#\/schema\/person\/image\/","url":"https:\/\/secure.gravatar.com\/avatar\/0614cb8e226823a51327bf0e4c8a92b3","contentUrl":"https:\/\/secure.gravatar.com\/avatar\/0614cb8e226823a51327bf0e4c8a92b3","caption":"Nerea Pagola"}}]}},"_links":{"self":[{"href":"https:\/\/www.tolosaldeaikt.eus\/es\/wp-json\/wp\/v2\/posts\/2463"}],"collection":[{"href":"https:\/\/www.tolosaldeaikt.eus\/es\/wp-json\/wp\/v2\/posts"}],"about":[{"href":"https:\/\/www.tolosaldeaikt.eus\/es\/wp-json\/wp\/v2\/types\/post"}],"author":[{"embeddable":true,"href":"https:\/\/www.tolosaldeaikt.eus\/es\/wp-json\/wp\/v2\/users\/2"}],"replies":[{"embeddable":true,"href":"https:\/\/www.tolosaldeaikt.eus\/es\/wp-json\/wp\/v2\/comments?post=2463"}],"version-history":[{"count":4,"href":"https:\/\/www.tolosaldeaikt.eus\/es\/wp-json\/wp\/v2\/posts\/2463\/revisions"}],"predecessor-version":[{"id":2866,"href":"https:\/\/www.tolosaldeaikt.eus\/es\/wp-json\/wp\/v2\/posts\/2463\/revisions\/2866"}],"wp:featuredmedia":[{"embeddable":true,"href":"https:\/\/www.tolosaldeaikt.eus\/es\/wp-json\/wp\/v2\/media\/2859"}],"wp:attachment":[{"href":"https:\/\/www.tolosaldeaikt.eus\/es\/wp-json\/wp\/v2\/media?parent=2463"}],"wp:term":[{"taxonomy":"category","embeddable":true,"href":"https:\/\/www.tolosaldeaikt.eus\/es\/wp-json\/wp\/v2\/categories?post=2463"},{"taxonomy":"post_tag","embeddable":true,"href":"https:\/\/www.tolosaldeaikt.eus\/es\/wp-json\/wp\/v2\/tags?post=2463"}],"curies":[{"name":"wp","href":"https:\/\/api.w.org\/{rel}","templated":true}]}}