{"id":2421,"date":"2017-11-07T17:15:37","date_gmt":"2017-11-07T15:15:37","guid":{"rendered":"https:\/\/www.tolosaldeaikt.eus\/ligan-estreinatu-gara\/"},"modified":"2018-01-11T20:54:14","modified_gmt":"2018-01-11T18:54:14","slug":"hemos-comenzado-la-liga","status":"publish","type":"post","link":"https:\/\/www.tolosaldeaikt.eus\/es\/hemos-comenzado-la-liga\/","title":{"rendered":"Hemos comenzado la liga"},"content":{"rendered":"<p>El pasado 28 de Octubre el equipo de mayores y el equipo alev\u00edn comenzaron a competir en las respectivas ligas.<\/p>\n<p>Los mayores compitieron en Donostia, en el polideportivo de Bidebieta. Todav\u00eda llevan pocas semanas de entrenamiento y como es normal no hubo marcas que resaltar. Lo que si hubo fueron buen ambiente y actitud a la hora de competir. El equipo participa en la liga de invierno de Guip\u00fazcoa y la segunda jornada se disputar\u00e1 el pr\u00f3ximo 18 de Noviembre en Ordizia. Los principales objetivos antes de fin de a\u00f1o son la Copa de Gipuzkoa y el Torneo internacional de Navidad que se celebran en diciembre por lo que la liga sirve para y cogiendo el ritmo a la competici\u00f3n.<\/p>\n<p>El equipo alev\u00edn compiti\u00f3 el mismo d\u00eda pero en el polideportivo de Ordizia en la primera jornada de la liga alev\u00edn de Gipuzkoa. La jornada se presento comprometida, ya que se ha disputado antes que otros a\u00f1os y ten\u00edan que nadar 400 libres y 200 o 100 estilos, pruebas que siempre imponen mucho respeto. Teniendo en cuenta que llevan solo 8 semanas de trabajo todos nadaron con elegancia y muy buena actitud. Es un grupo que esta entrenando muy bien por lo que la segunda jornada que se celebra el 11 de noviembre en Andoain se presenta muy interesante.<\/p>\n<p>Los que no se han estrenado todav\u00eda son los benjamines de nuestra escuela. La primera liga de especificaci\u00f3n deportiva se celebra este s\u00e1bado 11 de Noviembre en Andoain y los grupos dordoka, igela y amuarraina ya est\u00e1n preparados para dejar los nervios aparte y disfrutar nadando las pruebas de estilo libre y espalda que les corresponden.<\/p>\n<p>Desde estas l\u00edneas nos gustar\u00eda felicitar a todos por el gran trabajo que han realizado en el comienzo de temporada y animarlos a seguir en la misma l\u00ednea! Zorionak!<\/p>\n<p>&nbsp;<\/p>\n","protected":false},"excerpt":{"rendered":"<p>El pasado 28 de Octubre el equipo de mayores y el equipo alev\u00edn comenzaron a competir en las respectivas ligas. Los mayores compitieron en Donostia, en<span class=\"excerpt-hellip\"> [\u2026]<\/span><\/p>\n","protected":false},"author":2,"featured_media":2882,"comment_status":"closed","ping_status":"closed","sticky":false,"template":"","format":"standard","meta":{"_exactmetrics_skip_tracking":false,"_exactmetrics_sitenote_active":false,"_exactmetrics_sitenote_note":"","_exactmetrics_sitenote_category":0,"footnotes":""},"categories":[32,31],"tags":[],"yoast_head":"<!-- This site is optimized with the Yoast SEO plugin v22.5 - https:\/\/yoast.com\/wordpress\/plugins\/seo\/ -->\n<title>Hemos comenzado la liga - Tolosaldea IKT - Igeriketa Kirol Taldea<\/title>\n<meta name=\"robots\" content=\"index, follow, max-snippet:-1, max-image-preview:large, max-video-preview:-1\" \/>\n<link rel=\"canonical\" href=\"https:\/\/www.tolosaldeaikt.eus\/es\/hemos-comenzado-la-liga\/\" \/>\n<meta property=\"og:locale\" content=\"es_ES\" \/>\n<meta property=\"og:type\" content=\"article\" \/>\n<meta property=\"og:title\" content=\"Hemos comenzado la liga - Tolosaldea IKT - Igeriketa Kirol Taldea\" \/>\n<meta property=\"og:description\" content=\"El pasado 28 de Octubre el equipo de mayores y el equipo alev\u00edn comenzaron a competir en las respectivas ligas. Los mayores compitieron en Donostia, en [\u2026]\" \/>\n<meta property=\"og:url\" content=\"https:\/\/www.tolosaldeaikt.eus\/es\/hemos-comenzado-la-liga\/\" \/>\n<meta property=\"og:site_name\" content=\"Tolosaldea IKT - Igeriketa Kirol Taldea\" \/>\n<meta property=\"article:publisher\" content=\"https:\/\/www.facebook.com\/tolosaldea.ikt\" \/>\n<meta property=\"article:published_time\" content=\"2017-11-07T15:15:37+00:00\" \/>\n<meta property=\"article:modified_time\" content=\"2018-01-11T18:54:14+00:00\" \/>\n<meta property=\"og:image\" content=\"https:\/\/www.tolosaldeaikt.eus\/wp-content\/uploads\/2017\/11\/IMG-20171106-WA0015.jpg\" \/>\n\t<meta property=\"og:image:width\" content=\"1600\" \/>\n\t<meta property=\"og:image:height\" content=\"1200\" \/>\n\t<meta property=\"og:image:type\" content=\"image\/jpeg\" \/>\n<meta name=\"author\" content=\"Nerea Pagola\" \/>\n<meta name=\"twitter:card\" content=\"summary_large_image\" \/>\n<meta name=\"twitter:creator\" content=\"@Tolosaldeaikt\" \/>\n<meta name=\"twitter:site\" content=\"@Tolosaldeaikt\" \/>\n<meta name=\"twitter:label1\" content=\"Escrito por\" \/>\n\t<meta name=\"twitter:data1\" content=\"Nerea Pagola\" \/>\n\t<meta name=\"twitter:label2\" content=\"Tiempo de lectura\" \/>\n\t<meta name=\"twitter:data2\" content=\"2 minutos\" \/>\n<!-- \/ Yoast SEO plugin. -->","yoast_head_json":{"title":"Hemos comenzado la liga - Tolosaldea IKT - Igeriketa Kirol Taldea","robots":{"index":"index","follow":"follow","max-snippet":"max-snippet:-1","max-image-preview":"max-image-preview:large","max-video-preview":"max-video-preview:-1"},"canonical":"https:\/\/www.tolosaldeaikt.eus\/es\/hemos-comenzado-la-liga\/","og_locale":"es_ES","og_type":"article","og_title":"Hemos comenzado la liga - Tolosaldea IKT - Igeriketa Kirol Taldea","og_description":"El pasado 28 de Octubre el equipo de mayores y el equipo alev\u00edn comenzaron a competir en las respectivas ligas. Los mayores compitieron en Donostia, en [\u2026]","og_url":"https:\/\/www.tolosaldeaikt.eus\/es\/hemos-comenzado-la-liga\/","og_site_name":"Tolosaldea IKT - Igeriketa Kirol Taldea","article_publisher":"https:\/\/www.facebook.com\/tolosaldea.ikt","article_published_time":"2017-11-07T15:15:37+00:00","article_modified_time":"2018-01-11T18:54:14+00:00","og_image":[{"width":1600,"height":1200,"url":"https:\/\/www.tolosaldeaikt.eus\/wp-content\/uploads\/2017\/11\/IMG-20171106-WA0015.jpg","type":"image\/jpeg"}],"author":"Nerea Pagola","twitter_card":"summary_large_image","twitter_creator":"@Tolosaldeaikt","twitter_site":"@Tolosaldeaikt","twitter_misc":{"Escrito por":"Nerea Pagola","Tiempo de lectura":"2 minutos"},"schema":{"@context":"https:\/\/schema.org","@graph":[{"@type":"Article","@id":"https:\/\/www.tolosaldeaikt.eus\/es\/hemos-comenzado-la-liga\/#article","isPartOf":{"@id":"https:\/\/www.tolosaldeaikt.eus\/es\/hemos-comenzado-la-liga\/"},"author":{"name":"Nerea Pagola","@id":"https:\/\/www.tolosaldeaikt.eus\/es\/#\/schema\/person\/903db2dffa70fa5ae2f6e7675dd146b0"},"headline":"Hemos comenzado la liga","datePublished":"2017-11-07T15:15:37+00:00","dateModified":"2018-01-11T18:54:14+00:00","mainEntityOfPage":{"@id":"https:\/\/www.tolosaldeaikt.eus\/es\/hemos-comenzado-la-liga\/"},"wordCount":319,"publisher":{"@id":"https:\/\/www.tolosaldeaikt.eus\/es\/#organization"},"image":{"@id":"https:\/\/www.tolosaldeaikt.eus\/es\/hemos-comenzado-la-liga\/#primaryimage"},"thumbnailUrl":"https:\/\/www.tolosaldeaikt.eus\/wp-content\/uploads\/2017\/11\/IMG-20171106-WA0015.jpg","articleSection":["Club de nataci\u00f3n","Escuela de nataci\u00f3n"],"inLanguage":"es"},{"@type":"WebPage","@id":"https:\/\/www.tolosaldeaikt.eus\/es\/hemos-comenzado-la-liga\/","url":"https:\/\/www.tolosaldeaikt.eus\/es\/hemos-comenzado-la-liga\/","name":"Hemos comenzado la liga - Tolosaldea IKT - Igeriketa Kirol Taldea","isPartOf":{"@id":"https:\/\/www.tolosaldeaikt.eus\/es\/#website"},"primaryImageOfPage":{"@id":"https:\/\/www.tolosaldeaikt.eus\/es\/hemos-comenzado-la-liga\/#primaryimage"},"image":{"@id":"https:\/\/www.tolosaldeaikt.eus\/es\/hemos-comenzado-la-liga\/#primaryimage"},"thumbnailUrl":"https:\/\/www.tolosaldeaikt.eus\/wp-content\/uploads\/2017\/11\/IMG-20171106-WA0015.jpg","datePublished":"2017-11-07T15:15:37+00:00","dateModified":"2018-01-11T18:54:14+00:00","breadcrumb":{"@id":"https:\/\/www.tolosaldeaikt.eus\/es\/hemos-comenzado-la-liga\/#breadcrumb"},"inLanguage":"es","potentialAction":[{"@type":"ReadAction","target":["https:\/\/www.tolosaldeaikt.eus\/es\/hemos-comenzado-la-liga\/"]}]},{"@type":"ImageObject","inLanguage":"es","@id":"https:\/\/www.tolosaldeaikt.eus\/es\/hemos-comenzado-la-liga\/#primaryimage","url":"https:\/\/www.tolosaldeaikt.eus\/wp-content\/uploads\/2017\/11\/IMG-20171106-WA0015.jpg","contentUrl":"https:\/\/www.tolosaldeaikt.eus\/wp-content\/uploads\/2017\/11\/IMG-20171106-WA0015.jpg","width":1600,"height":1200},{"@type":"BreadcrumbList","@id":"https:\/\/www.tolosaldeaikt.eus\/es\/hemos-comenzado-la-liga\/#breadcrumb","itemListElement":[{"@type":"ListItem","position":1,"name":"Home","item":"https:\/\/www.tolosaldeaikt.eus\/es\/"},{"@type":"ListItem","position":2,"name":"Hemos comenzado la liga"}]},{"@type":"WebSite","@id":"https:\/\/www.tolosaldeaikt.eus\/es\/#website","url":"https:\/\/www.tolosaldeaikt.eus\/es\/","name":"Tolosaldea IKT - Igeriketa Kirol Taldea","description":"Web de Tolosaldea Igeriketa Kirol Taldea. Informaci\u00f3n, noticias, competiciones, resultados, m\u00ednimas, series, y mucho en un click","publisher":{"@id":"https:\/\/www.tolosaldeaikt.eus\/es\/#organization"},"potentialAction":[{"@type":"SearchAction","target":{"@type":"EntryPoint","urlTemplate":"https:\/\/www.tolosaldeaikt.eus\/es\/?s={search_term_string}"},"query-input":"required name=search_term_string"}],"inLanguage":"es"},{"@type":"Organization","@id":"https:\/\/www.tolosaldeaikt.eus\/es\/#organization","name":"Tolosaldea IKT - Igeriketa Kirol Taldea","url":"https:\/\/www.tolosaldeaikt.eus\/es\/","logo":{"@type":"ImageObject","inLanguage":"es","@id":"https:\/\/www.tolosaldeaikt.eus\/es\/#\/schema\/logo\/image\/","url":"https:\/\/www.tolosaldeaikt.eus\/wp-content\/uploads\/2018\/12\/aurkezpena.jpg","contentUrl":"https:\/\/www.tolosaldeaikt.eus\/wp-content\/uploads\/2018\/12\/aurkezpena.jpg","width":1400,"height":800,"caption":"Tolosaldea IKT - Igeriketa Kirol Taldea"},"image":{"@id":"https:\/\/www.tolosaldeaikt.eus\/es\/#\/schema\/logo\/image\/"},"sameAs":["https:\/\/www.facebook.com\/tolosaldea.ikt","https:\/\/x.com\/Tolosaldeaikt"]},{"@type":"Person","@id":"https:\/\/www.tolosaldeaikt.eus\/es\/#\/schema\/person\/903db2dffa70fa5ae2f6e7675dd146b0","name":"Nerea Pagola","image":{"@type":"ImageObject","inLanguage":"es","@id":"https:\/\/www.tolosaldeaikt.eus\/es\/#\/schema\/person\/image\/","url":"https:\/\/secure.gravatar.com\/avatar\/0614cb8e226823a51327bf0e4c8a92b3","contentUrl":"https:\/\/secure.gravatar.com\/avatar\/0614cb8e226823a51327bf0e4c8a92b3","caption":"Nerea Pagola"}}]}},"_links":{"self":[{"href":"https:\/\/www.tolosaldeaikt.eus\/es\/wp-json\/wp\/v2\/posts\/2421"}],"collection":[{"href":"https:\/\/www.tolosaldeaikt.eus\/es\/wp-json\/wp\/v2\/posts"}],"about":[{"href":"https:\/\/www.tolosaldeaikt.eus\/es\/wp-json\/wp\/v2\/types\/post"}],"author":[{"embeddable":true,"href":"https:\/\/www.tolosaldeaikt.eus\/es\/wp-json\/wp\/v2\/users\/2"}],"replies":[{"embeddable":true,"href":"https:\/\/www.tolosaldeaikt.eus\/es\/wp-json\/wp\/v2\/comments?post=2421"}],"version-history":[{"count":2,"href":"https:\/\/www.tolosaldeaikt.eus\/es\/wp-json\/wp\/v2\/posts\/2421\/revisions"}],"predecessor-version":[{"id":2423,"href":"https:\/\/www.tolosaldeaikt.eus\/es\/wp-json\/wp\/v2\/posts\/2421\/revisions\/2423"}],"wp:featuredmedia":[{"embeddable":true,"href":"https:\/\/www.tolosaldeaikt.eus\/es\/wp-json\/wp\/v2\/media\/2882"}],"wp:attachment":[{"href":"https:\/\/www.tolosaldeaikt.eus\/es\/wp-json\/wp\/v2\/media?parent=2421"}],"wp:term":[{"taxonomy":"category","embeddable":true,"href":"https:\/\/www.tolosaldeaikt.eus\/es\/wp-json\/wp\/v2\/categories?post=2421"},{"taxonomy":"post_tag","embeddable":true,"href":"https:\/\/www.tolosaldeaikt.eus\/es\/wp-json\/wp\/v2\/tags?post=2421"}],"curies":[{"name":"wp","href":"https:\/\/api.w.org\/{rel}","templated":true}]}}